{"id":25612,"date":"2026-04-28T14:33:13","date_gmt":"2026-04-28T18:33:13","guid":{"rendered":"https:\/\/ermdigital.com\/index.php\/2026\/04\/28\/mescyt-aboga-por-una-transformacion-educativa-alineada-con-las-demandas-del-mercado-laboral\/"},"modified":"2026-04-28T14:33:13","modified_gmt":"2026-04-28T18:33:13","slug":"mescyt-aboga-por-una-transformacion-educativa-alineada-con-las-demandas-del-mercado-laboral","status":"publish","type":"post","link":"https:\/\/ermdigital.com\/index.php\/2026\/04\/28\/mescyt-aboga-por-una-transformacion-educativa-alineada-con-las-demandas-del-mercado-laboral\/","title":{"rendered":"Mescyt aboga por una transformaci\u00f3n educativa alineada con las demandas del mercado laboral\u00a0"},"content":{"rendered":"<p>&lt;![CDATA[<\/p>\n<p>En un escenario global marcado por la acelerada transformaci\u00f3n del mundo del trabajo, la automatizaci\u00f3n y la necesidad de competencias cada vez m\u00e1s especializadas, el <b>ministro de Educaci\u00f3n Superior, Ciencia y Tecnolog\u00eda<\/b> (Mescyt), <b>Rafael Santos Bad\u00eda<\/b>, llam\u00f3 a impulsar una reforma profunda del sistema educativo dominicano que responda de manera efectiva a las demandas actuales y futuras del mercado laboral.<\/p>\n<p><a href=\"https:\/\/listindiario.com\/la-republica\/educacion\/20260428\/mescyt-aboga-transformacion-educativa-alineada-demandas-mercado-laboral_903594.html\">wf_cms.rss.read_more<\/a><\/p>\n<p>]]&gt;<\/p>\n<p>\u200bSantos Bad\u00eda advirti\u00f3 que Rep\u00fablica Dominicana debe replantear su modelo educativo para enfrentar los cambios acelerados que experimenta el mundo del trabajo.\u00a0\u00a0Educaci\u00f3n\u00a0<\/p>\n","protected":false},"excerpt":{"rendered":"<p>&lt;![CDATA[ En un escenario global marcado por la acelerada transformaci\u00f3n del mundo del trabajo, la automatizaci\u00f3n y la necesidad de competencias cada vez m\u00e1s especializadas, el ministro de Educaci\u00f3n Superior, Ciencia y Tecnolog\u00eda (Mescyt), Rafael Santos Bad\u00eda, llam\u00f3 a impulsar una reforma profunda del sistema educativo dominicano que responda de manera efectiva a las demandas [&hellip;]<\/p>\n","protected":false},"author":1,"featured_media":25613,"comment_status":"open","ping_status":"open","sticky":false,"template":"","format":"standard","meta":{"amp_status":"","footnotes":""},"categories":[5],"tags":[],"class_list":["post-25612","post","type-post","status-publish","format-standard","has-post-thumbnail","hentry","category-politica"],"_links":{"self":[{"href":"https:\/\/ermdigital.com\/index.php\/wp-json\/wp\/v2\/posts\/25612","targetHints":{"allow":["GET"]}}],"collection":[{"href":"https:\/\/ermdigital.com\/index.php\/wp-json\/wp\/v2\/posts"}],"about":[{"href":"https:\/\/ermdigital.com\/index.php\/wp-json\/wp\/v2\/types\/post"}],"author":[{"embeddable":true,"href":"https:\/\/ermdigital.com\/index.php\/wp-json\/wp\/v2\/users\/1"}],"replies":[{"embeddable":true,"href":"https:\/\/ermdigital.com\/index.php\/wp-json\/wp\/v2\/comments?post=25612"}],"version-history":[{"count":0,"href":"https:\/\/ermdigital.com\/index.php\/wp-json\/wp\/v2\/posts\/25612\/revisions"}],"wp:featuredmedia":[{"embeddable":true,"href":"https:\/\/ermdigital.com\/index.php\/wp-json\/wp\/v2\/media\/25613"}],"wp:attachment":[{"href":"https:\/\/ermdigital.com\/index.php\/wp-json\/wp\/v2\/media?parent=25612"}],"wp:term":[{"taxonomy":"category","embeddable":true,"href":"https:\/\/ermdigital.com\/index.php\/wp-json\/wp\/v2\/categories?post=25612"},{"taxonomy":"post_tag","embeddable":true,"href":"https:\/\/ermdigital.com\/index.php\/wp-json\/wp\/v2\/tags?post=25612"}],"curies":[{"name":"wp","href":"https:\/\/api.w.org\/{rel}","templated":true}]}}