{"id":25589,"date":"2026-04-28T10:15:59","date_gmt":"2026-04-28T14:15:59","guid":{"rendered":"https:\/\/ermdigital.com\/index.php\/2026\/04\/28\/collado-la-prioridad-del-gobierno-ha-sido-recuperar-las-playas\/"},"modified":"2026-04-28T10:15:59","modified_gmt":"2026-04-28T14:15:59","slug":"collado-la-prioridad-del-gobierno-ha-sido-recuperar-las-playas","status":"publish","type":"post","link":"https:\/\/ermdigital.com\/index.php\/2026\/04\/28\/collado-la-prioridad-del-gobierno-ha-sido-recuperar-las-playas\/","title":{"rendered":"Collado: \u201cLa prioridad del Gobierno ha sido recuperar las playas\u201d"},"content":{"rendered":"<p>\u200b<\/p>\n<p>El ministro de Turismo, <strong>David Collado<\/strong>, destac\u00f3 durante la inauguraci\u00f3n de la nueva <strong>Plaza de Vendedores de Playa Sos\u00faa<\/strong>, que la principal prioridad del Gobierno ha sido la recuperaci\u00f3n de playas y espacios p\u00fablicos costeros, que durante a\u00f1os estuvieron abandonados con el objetivo de ponerlos al servicio de la poblaci\u00f3n y dinamizar el turismo en todo la <strong>Rep\u00fablica Dominicana<\/strong>.<\/p>\n<p><a href=\"https:\/\/www.arecoa.com\/wp-content\/uploads\/2026\/04\/Collado.jpeg\"><img loading=\"lazy\" decoding=\"async\" class=\"alignleft size-full wp-image-215510\" src=\"https:\/\/www.arecoa.com\/wp-content\/uploads\/2026\/04\/Collado.jpeg\" alt=\"\" width=\"800\" height=\"532\" \/><\/a>Seg\u00fan explic\u00f3, esta visi\u00f3n, impulsada junto al presidente <strong>Luis Abinader<\/strong>, busca garantizar que los dominicanos puedan disfrutar de estos entornos en condiciones dignas, al tiempo que se fortalece la oferta tur\u00edstica nacional.<\/p>\n<p>Collado subray\u00f3 que dicho proceso no solo implica la rehabilitaci\u00f3n de infraestructuras, sino tambi\u00e9n la inclusi\u00f3n social, permitiendo que vendedores y trabajadores tradicionales de las playas se beneficien directamente de las mejoras.<\/p>\n<p>En ese sentido, afirm\u00f3 que el turismo debe impactar a todos los sectores y no concentrarse \u00fanicamente en grandes cadenas hoteleras, resaltando que esta estrategia ha contribuido a posicionar a RD en uno de los mejores momentos de su historia tur\u00edstica.<\/p>\n<p>\u00a0<\/p>\n","protected":false},"excerpt":{"rendered":"<p>\u200b El ministro de Turismo, David Collado, destac\u00f3 durante la inauguraci\u00f3n de la nueva Plaza de Vendedores de Playa Sos\u00faa, que la principal prioridad del Gobierno ha sido la recuperaci\u00f3n de playas y espacios p\u00fablicos costeros, que durante a\u00f1os estuvieron abandonados con el objetivo de ponerlos al servicio de la poblaci\u00f3n y dinamizar el turismo [&hellip;]<\/p>\n","protected":false},"author":1,"featured_media":25508,"comment_status":"open","ping_status":"open","sticky":false,"template":"","format":"standard","meta":{"amp_status":"","footnotes":""},"categories":[10],"tags":[],"class_list":["post-25589","post","type-post","status-publish","format-standard","has-post-thumbnail","hentry","category-food-travel"],"_links":{"self":[{"href":"https:\/\/ermdigital.com\/index.php\/wp-json\/wp\/v2\/posts\/25589","targetHints":{"allow":["GET"]}}],"collection":[{"href":"https:\/\/ermdigital.com\/index.php\/wp-json\/wp\/v2\/posts"}],"about":[{"href":"https:\/\/ermdigital.com\/index.php\/wp-json\/wp\/v2\/types\/post"}],"author":[{"embeddable":true,"href":"https:\/\/ermdigital.com\/index.php\/wp-json\/wp\/v2\/users\/1"}],"replies":[{"embeddable":true,"href":"https:\/\/ermdigital.com\/index.php\/wp-json\/wp\/v2\/comments?post=25589"}],"version-history":[{"count":0,"href":"https:\/\/ermdigital.com\/index.php\/wp-json\/wp\/v2\/posts\/25589\/revisions"}],"wp:featuredmedia":[{"embeddable":true,"href":"https:\/\/ermdigital.com\/index.php\/wp-json\/wp\/v2\/media\/25508"}],"wp:attachment":[{"href":"https:\/\/ermdigital.com\/index.php\/wp-json\/wp\/v2\/media?parent=25589"}],"wp:term":[{"taxonomy":"category","embeddable":true,"href":"https:\/\/ermdigital.com\/index.php\/wp-json\/wp\/v2\/categories?post=25589"},{"taxonomy":"post_tag","embeddable":true,"href":"https:\/\/ermdigital.com\/index.php\/wp-json\/wp\/v2\/tags?post=25589"}],"curies":[{"name":"wp","href":"https:\/\/api.w.org\/{rel}","templated":true}]}}