{"id":25579,"date":"2026-04-28T13:25:22","date_gmt":"2026-04-28T17:25:22","guid":{"rendered":"https:\/\/ermdigital.com\/index.php\/2026\/04\/28\/presidente-abinader-entrega-25-vehiculos-al-inespre-para-ampliar-la-distribucion-de-alimentos\/"},"modified":"2026-04-28T13:25:22","modified_gmt":"2026-04-28T17:25:22","slug":"presidente-abinader-entrega-25-vehiculos-al-inespre-para-ampliar-la-distribucion-de-alimentos","status":"publish","type":"post","link":"https:\/\/ermdigital.com\/index.php\/2026\/04\/28\/presidente-abinader-entrega-25-vehiculos-al-inespre-para-ampliar-la-distribucion-de-alimentos\/","title":{"rendered":"Presidente Abinader entrega 25 veh\u00edculos al Inespre para ampliar la distribuci\u00f3n de alimentos"},"content":{"rendered":"<p><span class=\"field field--name-title field--type-string field--label-hidden\">Presidente Abinader entrega 25 veh\u00edculos al Inespre para ampliar la distribuci\u00f3n de alimentos<\/span><br \/>\n<span class=\"field field--name-uid field--type-entity-reference field--label-hidden\"><span>yamellrossi<\/span><\/span><br \/>\n<span class=\"field field--name-created field--type-created field--label-hidden\"><time datetime=\"2026-04-28T13:25:22-04:00\" title=\"Martes, Abril 28, 2026 - 13:25\" class=\"datetime\">28 de  Abril 2026 | 13:25<\/time><br \/>\n<\/span><\/p>\n<div class=\"clearfix text-formatted field field--name-body field--type-text-with-summary field--label-hidden field__item\">\n<p dir=\"ltr\"><span>Santo Domingo.\u2013\u00a0<\/span><strong>El presidente de la Rep\u00fablica, Luis Abinader<\/strong><span>, encabez\u00f3 este martes la\u00a0<\/span><strong>entrega de 25 nuevos veh\u00edculos<\/strong><span> al Instituto de Estabilizaci\u00f3n de Precios\u00a0<\/span><strong>(Inespre)<\/strong><span>, como parte de una\u00a0<\/span><strong>flotilla total de 60 unidades<\/strong><span> destinadas a fortalecer la capacidad operativa de la instituci\u00f3n y ampliar la\u00a0<\/span><strong>distribuci\u00f3n de alimentos a precios asequibles<\/strong><span> en todo el territorio nacional.<\/span><\/p>\n<p dir=\"ltr\"><span>El mandatario realiz\u00f3 la\u00a0<\/span><strong>entrega simb\u00f3lica de las llaves\u00a0<\/strong><span>de la flotilla de veh\u00edculos correspondiente a la\u00a0<\/span><strong>primera fase<\/strong><span>, al director del Inespre,\u00a0<\/span><strong>David Herrera<\/strong><span>, la cual fue gestionada a trav\u00e9s del Ministerio Administrativo de la Presidencia, bajo la direcci\u00f3n del ministro\u00a0<\/span><strong>Andr\u00e9s Bautista<\/strong><span>.<\/span><\/p>\n<p dir=\"ltr\"><span>Durante el acto, el presidente Abinader destac\u00f3 el papel del Instituto Nacional de Estabilizaci\u00f3n de Precios ante el\u00a0<\/span><strong>contexto actual de crisis mundial<\/strong><span> y asegur\u00f3 que est\u00e1n\u00a0<\/span><strong>atendiendo diariamente la mesa de precios para estabilizarlos<\/strong><span> y cumplir con la misi\u00f3n del Inespre.<\/span><\/p>\n<p><img decoding=\"async\" src=\"https:\/\/www.presidencia.gob.do\/sites\/default\/files\/inline-images\/WhatsApp%20Image%202026-04-28%20at%2012.25.22%20PM%281%29.jpeg\" data-entity-uuid=\"e2a2849e-686b-48e7-b7d4-a8727011be0d\" data-entity-type=\"file\" width=\"4160\" height=\"2792\" loading=\"lazy\">\n<\/p>\n<p dir=\"ltr\"><span>Asimismo, explic\u00f3 que el objetivo es mejorar la\u00a0<\/span><strong>eficiencia en la cadena de distribuci\u00f3n<\/strong><span>.\u00a0<\/span><em>\u201cLlegar m\u00e1s r\u00e1pido, m\u00e1s eficiente entre el productor y el consumidor\u201d.<\/em><\/p>\n<p dir=\"ltr\"><span>El mandatario indic\u00f3 que la incorporaci\u00f3n de los 60 nuevos veh\u00edculos, de los cuales hoy se entrega la primera partida y los restantes en los pr\u00f3ximos d\u00edas, permitir\u00e1 ampliar la\u00a0<\/span><strong>presencia de la instituci\u00f3n en los sectores.<\/strong><span>\u00a0<\/span><em>\u201cVan a cumplir eso, para que la gente, cuando vea en los barrios al Inespre, vea la garant\u00eda de un precio justo de los productos, que eso es lo que nosotros buscamos\u201d.<\/em><\/p>\n<p dir=\"ltr\"><span>El jefe de Estado insisti\u00f3 en que el Instituto Nacional de Estabilizaci\u00f3n de Precios tiene que ser el\u00a0<\/span><strong>puente entre el productor y el consumidor<\/strong><em><strong>.<\/strong> \u201cEn eso est\u00e1 el Gobierno, buscando precios justos para toda la poblaci\u00f3n dominicana\u201d.<\/em><\/p>\n<p dir=\"ltr\"><span>Finalmente, exhort\u00f3 a continuar fortaleciendo el\u00a0<\/span><strong>alcance de la instituci\u00f3n en todo el pa\u00eds.<\/strong><span>\u00a0<\/span><em>\u201cDavid, estamos seguros de que seguir\u00e1s haciendo un gran trabajo en b\u00fasqueda de llevar estos precios justos a los barrios y a los diferentes sectores y a las diferentes provincias de todo el pa\u00eds\u201d.<\/em><\/p>\n<p dir=\"ltr\"><strong>Decisi\u00f3n firme y una visi\u00f3n clara del presidente Abinader<\/strong><\/p>\n<p dir=\"ltr\"><span>De su lado, el ministro administrativo de la Presidencia,\u00a0<\/span><strong>Andr\u00e9s Bautista Garc\u00eda<\/strong><span>, inform\u00f3 que la entrega de 25 veh\u00edculos forma parte de una flotilla total de 60 unidades destinadas a fortalecer la\u00a0<\/span><strong>capacidad de distribuci\u00f3n<\/strong><span> del Instituto de Estabilizaci\u00f3n de Precios y dijo que\u00a0<\/span><strong>los 35 restantes ser\u00e1n entregados en el curso del pr\u00f3ximo mes de mayo.<\/strong><\/p>\n<p dir=\"ltr\"><em>\u201cEsta es una decisi\u00f3n firme y una visi\u00f3n clara del presidente Luis Abinader: lograr que los alimentos lleguen directamente al pueblo sin abusos y a precios justos\u201d,<\/em><span> sentenci\u00f3 Bautista.<\/span><\/p>\n<p dir=\"ltr\"><span>Explic\u00f3 que\u00a0<\/span><strong>los nuevos veh\u00edculos operar\u00e1n tanto en fr\u00edo como a temperatura ambiente,<\/strong><span> impactando directamente a los dos actores principales de la\u00a0<\/span><strong>cadena de comercializaci\u00f3n<\/strong><span>: por un lado,\u00a0<\/span><strong>el productor<\/strong><span>, que podr\u00e1 colocar sus productos sin distorsiones, y por el otro\u00a0<\/span><strong>el consumidor<\/strong><span>, que podr\u00e1 adquirirlos a precio de costo.<\/span><\/p>\n<p><img decoding=\"async\" src=\"https:\/\/www.presidencia.gob.do\/sites\/default\/files\/inline-images\/WhatsApp%20Image%202026-04-28%20at%2012.25.24%20PM%282%29.jpeg\" data-entity-uuid=\"d47ac8f4-27ec-49d0-b359-3cb8ea67dd22\" data-entity-type=\"file\" width=\"4160\" height=\"2773\" loading=\"lazy\">\n<\/p>\n<p dir=\"ltr\"><em>\u201cAs\u00ed reducimos la intermediaci\u00f3n abusiva y fortalecemos un sistema m\u00e1s justo, m\u00e1s eficiente y m\u00e1s humano. Seguimos trabajando y avanzando hacia un pa\u00eds donde los alimentos lleguen de manera digna a cada hogar vulnerable de la Rep\u00fablica Dominicana. Ese es el objetivo fundamental de esta inversi\u00f3n en estos equipos\u201d.<\/em><\/p>\n<p dir=\"ltr\"><span>Esta primera entrega forma parte de las acciones que impulsa el Gobierno para garantizar el\u00a0<\/span><strong>acceso oportuno y equitativo de la poblaci\u00f3n a productos de la canasta b\u00e1sica<\/strong><span>, especialmente en beneficio de los\u00a0<\/span><strong>sectores m\u00e1s vulnerables<\/strong><span> y reafirma el compromiso con\u00a0<\/span><strong>la seguridad alimentaria y el bienestar<\/strong><span> de la poblaci\u00f3n.<\/span><\/p>\n<p dir=\"ltr\"><span>Adem\u00e1s, marca el inicio de un proceso de fortalecimiento institucional que permitir\u00e1 al Inespre ampliar significativamente su cobertura y eficiencia, incrementando la\u00a0<\/span><strong>presencia de sus bodegas m\u00f3viles<\/strong><span> en comunidades a nivel nacional. La incorporaci\u00f3n de estas unidades representa un avance clave para optimizar la\u00a0<\/span><strong>log\u00edstica<\/strong><span> de distribuci\u00f3n, facilitar el\u00a0<\/span><strong>acceso a alimentos en zonas de dif\u00edcil alcance<\/strong><span> y aumentar la\u00a0<\/span><strong>frecuencia de abastecimiento<\/strong><span> en distintos puntos del pa\u00eds.<\/span><\/p>\n<p dir=\"ltr\"><span>Acompa\u00f1aron al presidente Abinader el ministro de Agricultura,\u00a0<\/span><strong>Francisco Oliverio Espaillat Bencosme<\/strong><span>; el administrador general del Banco Agr\u00edcola,\u00a0<\/span><strong>Fernando Dur\u00e1n,<\/strong><span> y el director de Ganader\u00eda,\u00a0<\/span><strong>Abel Madera.<\/strong><\/p>\n<\/div>\n<div class=\"field field--name-field-image field--type-image field--label-hidden field__item\">  <img decoding=\"async\" loading=\"lazy\" src=\"https:\/\/www.presidencia.gob.do\/sites\/default\/files\/news\/2026-04\/WhatsApp%20Image%202026-04-28%20at%2012.25.23%20PM%281%29.jpeg\" width=\"4160\" height=\"3078\" alt=\"Presidente\"><\/p>\n<\/div>\n<p>\u00a0Presidente Abinader entrega 25 veh\u00edculos al Inespre para ampliar la distribuci\u00f3n de alimentos<br \/>\nyamellrossi<br \/>\n28 de  Abril 2026 | 13:25<\/p>\n<p>            Santo Domingo.\u2013\u00a0El presidente de la Rep\u00fablica, Luis Abinader, encabez\u00f3 este martes la\u00a0entrega de 25 nuevos veh\u00edculos al Instituto de Estabilizaci\u00f3n de Precios\u00a0(Inespre), como parte de una\u00a0flotilla total de 60 unidades destinadas a fortalecer la capacidad operativa de la instituci\u00f3n y ampliar la\u00a0distribuci\u00f3n de alimentos a precios asequibles en todo el territorio nacional.<br \/>\nEl mandatario realiz\u00f3 la\u00a0entrega simb\u00f3lica de las llaves\u00a0de la flotilla de veh\u00edculos correspondiente a la\u00a0primera fase, al director del Inespre,\u00a0David Herrera, la cual fue gestionada a trav\u00e9s del Ministerio Administrativo de la Presidencia, bajo la direcci\u00f3n del ministro\u00a0Andr\u00e9s Bautista.<br \/>\nDurante el acto, el presidente Abinader destac\u00f3 el papel del Instituto Nacional de Estabilizaci\u00f3n de Precios ante el\u00a0contexto actual de crisis mundial y asegur\u00f3 que est\u00e1n\u00a0atendiendo diariamente la mesa de precios para estabilizarlos y cumplir con la misi\u00f3n del Inespre.<\/p>\n<p>Asimismo, explic\u00f3 que el objetivo es mejorar la\u00a0eficiencia en la cadena de distribuci\u00f3n.\u00a0\u201cLlegar m\u00e1s r\u00e1pido, m\u00e1s eficiente entre el productor y el consumidor\u201d.<br \/>\nEl mandatario indic\u00f3 que la incorporaci\u00f3n de los 60 nuevos veh\u00edculos, de los cuales hoy se entrega la primera partida y los restantes en los pr\u00f3ximos d\u00edas, permitir\u00e1 ampliar la\u00a0presencia de la instituci\u00f3n en los sectores.\u00a0\u201cVan a cumplir eso, para que la gente, cuando vea en los barrios al Inespre, vea la garant\u00eda de un precio justo de los productos, que eso es lo que nosotros buscamos\u201d.<br \/>\nEl jefe de Estado insisti\u00f3 en que el Instituto Nacional de Estabilizaci\u00f3n de Precios tiene que ser el\u00a0puente entre el productor y el consumidor. \u201cEn eso est\u00e1 el Gobierno, buscando precios justos para toda la poblaci\u00f3n dominicana\u201d.<br \/>\nFinalmente, exhort\u00f3 a continuar fortaleciendo el\u00a0alcance de la instituci\u00f3n en todo el pa\u00eds.\u00a0\u201cDavid, estamos seguros de que seguir\u00e1s haciendo un gran trabajo en b\u00fasqueda de llevar estos precios justos a los barrios y a los diferentes sectores y a las diferentes provincias de todo el pa\u00eds\u201d.<br \/>\nDecisi\u00f3n firme y una visi\u00f3n clara del presidente Abinader<br \/>\nDe su lado, el ministro administrativo de la Presidencia,\u00a0Andr\u00e9s Bautista Garc\u00eda, inform\u00f3 que la entrega de 25 veh\u00edculos forma parte de una flotilla total de 60 unidades destinadas a fortalecer la\u00a0capacidad de distribuci\u00f3n del Instituto de Estabilizaci\u00f3n de Precios y dijo que\u00a0los 35 restantes ser\u00e1n entregados en el curso del pr\u00f3ximo mes de mayo.<br \/>\n\u201cEsta es una decisi\u00f3n firme y una visi\u00f3n clara del presidente Luis Abinader: lograr que los alimentos lleguen directamente al pueblo sin abusos y a precios justos\u201d, sentenci\u00f3 Bautista.<br \/>\nExplic\u00f3 que\u00a0los nuevos veh\u00edculos operar\u00e1n tanto en fr\u00edo como a temperatura ambiente, impactando directamente a los dos actores principales de la\u00a0cadena de comercializaci\u00f3n: por un lado,\u00a0el productor, que podr\u00e1 colocar sus productos sin distorsiones, y por el otro\u00a0el consumidor, que podr\u00e1 adquirirlos a precio de costo.<\/p>\n<p>\u201cAs\u00ed reducimos la intermediaci\u00f3n abusiva y fortalecemos un sistema m\u00e1s justo, m\u00e1s eficiente y m\u00e1s humano. Seguimos trabajando y avanzando hacia un pa\u00eds donde los alimentos lleguen de manera digna a cada hogar vulnerable de la Rep\u00fablica Dominicana. Ese es el objetivo fundamental de esta inversi\u00f3n en estos equipos\u201d.<br \/>\nEsta primera entrega forma parte de las acciones que impulsa el Gobierno para garantizar el\u00a0acceso oportuno y equitativo de la poblaci\u00f3n a productos de la canasta b\u00e1sica, especialmente en beneficio de los\u00a0sectores m\u00e1s vulnerables y reafirma el compromiso con\u00a0la seguridad alimentaria y el bienestar de la poblaci\u00f3n.<br \/>\nAdem\u00e1s, marca el inicio de un proceso de fortalecimiento institucional que permitir\u00e1 al Inespre ampliar significativamente su cobertura y eficiencia, incrementando la\u00a0presencia de sus bodegas m\u00f3viles en comunidades a nivel nacional. La incorporaci\u00f3n de estas unidades representa un avance clave para optimizar la\u00a0log\u00edstica de distribuci\u00f3n, facilitar el\u00a0acceso a alimentos en zonas de dif\u00edcil alcance y aumentar la\u00a0frecuencia de abastecimiento en distintos puntos del pa\u00eds.<br \/>\nAcompa\u00f1aron al presidente Abinader el ministro de Agricultura,\u00a0Francisco Oliverio Espaillat Bencosme; el administrador general del Banco Agr\u00edcola,\u00a0Fernando Dur\u00e1n, y el director de Ganader\u00eda,\u00a0Abel Madera.\u00a0\u00a0\u00a0<\/p>\n","protected":false},"excerpt":{"rendered":"<p>Presidente Abinader entrega 25 veh\u00edculos al Inespre para ampliar la distribuci\u00f3n de alimentos yamellrossi 28 de Abril 2026 | 13:25 Santo Domingo.\u2013\u00a0El presidente de la Rep\u00fablica, Luis Abinader, encabez\u00f3 este martes la\u00a0entrega de 25 nuevos veh\u00edculos al Instituto de Estabilizaci\u00f3n de Precios\u00a0(Inespre), como parte de una\u00a0flotilla total de 60 unidades destinadas a fortalecer la capacidad [&hellip;]<\/p>\n","protected":false},"author":1,"featured_media":25580,"comment_status":"open","ping_status":"open","sticky":false,"template":"","format":"standard","meta":{"amp_status":"","footnotes":""},"categories":[8],"tags":[],"class_list":["post-25579","post","type-post","status-publish","format-standard","has-post-thumbnail","hentry","category-republica"],"_links":{"self":[{"href":"https:\/\/ermdigital.com\/index.php\/wp-json\/wp\/v2\/posts\/25579","targetHints":{"allow":["GET"]}}],"collection":[{"href":"https:\/\/ermdigital.com\/index.php\/wp-json\/wp\/v2\/posts"}],"about":[{"href":"https:\/\/ermdigital.com\/index.php\/wp-json\/wp\/v2\/types\/post"}],"author":[{"embeddable":true,"href":"https:\/\/ermdigital.com\/index.php\/wp-json\/wp\/v2\/users\/1"}],"replies":[{"embeddable":true,"href":"https:\/\/ermdigital.com\/index.php\/wp-json\/wp\/v2\/comments?post=25579"}],"version-history":[{"count":0,"href":"https:\/\/ermdigital.com\/index.php\/wp-json\/wp\/v2\/posts\/25579\/revisions"}],"wp:featuredmedia":[{"embeddable":true,"href":"https:\/\/ermdigital.com\/index.php\/wp-json\/wp\/v2\/media\/25580"}],"wp:attachment":[{"href":"https:\/\/ermdigital.com\/index.php\/wp-json\/wp\/v2\/media?parent=25579"}],"wp:term":[{"taxonomy":"category","embeddable":true,"href":"https:\/\/ermdigital.com\/index.php\/wp-json\/wp\/v2\/categories?post=25579"},{"taxonomy":"post_tag","embeddable":true,"href":"https:\/\/ermdigital.com\/index.php\/wp-json\/wp\/v2\/tags?post=25579"}],"curies":[{"name":"wp","href":"https:\/\/api.w.org\/{rel}","templated":true}]}}