{"id":25575,"date":"2026-04-28T14:03:30","date_gmt":"2026-04-28T18:03:30","guid":{"rendered":"https:\/\/ermdigital.com\/index.php\/2026\/04\/28\/ministerio-de-trabajo-promueve-entornos-psicosociales-saludables-en-el-ambito-laboral\/"},"modified":"2026-04-28T14:03:30","modified_gmt":"2026-04-28T18:03:30","slug":"ministerio-de-trabajo-promueve-entornos-psicosociales-saludables-en-el-ambito-laboral","status":"publish","type":"post","link":"https:\/\/ermdigital.com\/index.php\/2026\/04\/28\/ministerio-de-trabajo-promueve-entornos-psicosociales-saludables-en-el-ambito-laboral\/","title":{"rendered":"Ministerio de Trabajo promueve entornos psicosociales saludables en el \u00e1mbito laboral"},"content":{"rendered":"<p><span class=\"field field--name-title field--type-string field--label-hidden\">Ministerio de Trabajo promueve entornos psicosociales saludables en el \u00e1mbito laboral <\/span><br \/>\n<span class=\"field field--name-uid field--type-entity-reference field--label-hidden\"><span>yamellrossi<\/span><\/span><br \/>\n<span class=\"field field--name-created field--type-created field--label-hidden\"><time datetime=\"2026-04-28T14:03:30-04:00\" title=\"Martes, Abril 28, 2026 - 14:03\" class=\"datetime\">28 de  Abril 2026 | 14:03<\/time><br \/>\n<\/span><\/p>\n<div class=\"clearfix text-formatted field field--name-body field--type-text-with-summary field--label-hidden field__item\">\n<p dir=\"ltr\"><span>Santo Domingo.-\u00a0<\/span><strong>El Ministerio de Trabajo<\/strong><span> present\u00f3 este martes la conferencia\u00a0<\/span><strong>\u201cEntornos de trabajo psicosociales saludables\u201d\u00a0<\/strong><span>en el marco de las actividades por la conmemoraci\u00f3n del\u00a0<\/span><strong>D\u00eda Mundial de la Seguridad y la Salud en el Trabajo.\u00a0<\/strong><\/p>\n<p dir=\"ltr\"><span>El espacio abord\u00f3 la relevancia de promover\u00a0<\/span><strong>ambientes laborales sanos<\/strong><span>, enfocados en el\u00a0<\/span><strong>bienestar integral<\/strong><span> de los trabajadores y el fortalecimiento de la\u00a0<\/span><strong>productividad<\/strong><span> en el sector.\u00a0<\/span><\/p>\n<p dir=\"ltr\"><span>En la ponencia presentada por el ministro de Trabajo,\u00a0<\/span><strong>Eddy Olivares<\/strong><span>, se indic\u00f3 que cuando la salud mental se ve afectada en el entorno laboral, constituye\u00a0<\/span><strong>la peor agresi\u00f3n para un trabajador.\u00a0<\/strong><\/p>\n<p dir=\"ltr\"><span>Conden\u00f3<\/span><strong> los maltratos, el acoso y otras formas de violencia<\/strong><span> en el trabajo.\u00a0<\/span><em>\u201cEn el Ministerio de Trabajo estamos preparados para atender los reclamos sobre este tipo de situaciones y as\u00ed fortalecer los entornos psicosociales saludables\u201d<\/em><span>, afirm\u00f3 Olivares.\u00a0<\/span><\/p>\n<p dir=\"ltr\"><span>Subray\u00f3 que cuando un trabajador sufre alg\u00fan maltrato o enfrenta situaciones de inseguridad, esto repercute en todos sus compa\u00f1eros.\u00a0<\/span><\/p>\n<p dir=\"ltr\"><span>Inform\u00f3 que pr\u00f3ximamente se presentar\u00e1 una\u00a0<\/span><strong>reforma integral de los botiquines,<\/strong><span> incorporando equipos de \u00faltima generaci\u00f3n, por ser una\u00a0<\/span><strong>herramienta esencial para salvaguardar la vida en el trabajo.\u00a0<\/strong><\/p>\n<p dir=\"ltr\"><span>En ese sentido, Olivares anunci\u00f3 que convoc\u00f3 al Consejo Nacional de Seguridad y Salud Ocupacional\u00a0<\/span><strong>(Consso)<\/strong><span>, \u00f3rgano rector y consultivo del Estado dominicano en materia de\u00a0<\/span><strong>seguridad y salud en el trabajo<\/strong><span>, para reformar las\u00a0<\/span><strong>normativas sobre este derecho fundamental de los trabajadores<\/strong><span>, al tiempo que adelant\u00f3 que ese organismo ya adapt\u00f3 al siglo XXI la resoluci\u00f3n sobre botiquines, la cual presentar\u00e1 al pa\u00eds la pr\u00f3xima semana.\u00a0<\/span><\/p>\n<p dir=\"ltr\"><span>De su lado,\u00a0<\/span><strong>Franklin Marte Bueno<\/strong><span>, viceministro de Seguridad y Salud en el Trabajo, manifest\u00f3 que los\u00a0<\/span><strong>ambientes laborales sanos<\/strong><span> constituyen una condici\u00f3n clave para el\u00a0<\/span><strong>desarrollo sostenible<\/strong><span> de las organizaciones.\u00a0<\/span><\/p>\n<p dir=\"ltr\"><em>\u201cEsta es una tarea compartida entre el Estado, los trabajadores y los empleadores\u201d,<\/em><span> apunt\u00f3.\u00a0<\/span><\/p>\n<p dir=\"ltr\"><span>En el encuentro,\u00a0<\/span><strong>cinco charlas<\/strong><span> fueron dictadas sobre los riesgos en los entornos laborales:\u00a0<\/span><strong>\u201cMetalurgia y manufactura\u201d, \u201cFactores de riesgos psicosociales\u201d, \u201cConstrucci\u00f3n\u201d; \u201cSector servicios\u201d; y \u201cSeguridad vial laboral\u201d.<\/strong><span>\u202f\u00a0<\/span><\/p>\n<p dir=\"ltr\"><span>Asimismo, se present\u00f3 la ponencia\u00a0<\/span><strong>\u201cImplementaci\u00f3n de estrategias y abordaje de los factores de riesgo psicosocial en manufactura de alta tecnolog\u00eda\u201d.\u00a0<\/strong><\/p>\n<p dir=\"ltr\"><span>En el acto, coordinado por la Direcci\u00f3n General de Higiene y Seguridad Industrial\u00a0<\/span><strong>(DGHS)<\/strong><span>, Olivares recibi\u00f3 el \u201c<\/span><strong>Manual seguridad y salud laboral para empresas<\/strong><span>\u00a0<\/span><strong>y<\/strong><span>\u00a0<\/span><strong>construcciones\u201d,<\/strong><span> de parte del autor,\u00a0<\/span><strong>Jaime Oscar Gonz\u00e1lez.\u00a0<\/strong><\/p>\n<p><span>Acompa\u00f1aron al ministro, los viceministros\u00a0<\/span><strong>Leonardo Manuel Gil<\/strong><span>, de Empleo;\u00a0<\/span><strong>Domingo Santana Castillo<\/strong><span>, de Regulaci\u00f3n del Trabajo, y\u00a0<\/span><strong>Angel Mora<\/strong><span>, jefe de Gabinete, entre otros colaboradores.<\/span><\/p>\n<\/div>\n<div class=\"field field--name-field-image field--type-image field--label-hidden field__item\">  <img decoding=\"async\" loading=\"lazy\" src=\"https:\/\/www.presidencia.gob.do\/sites\/default\/files\/news\/2026-04\/70313f1d-6804-418a-8447-19708d47.jpg\" width=\"1600\" height=\"1066\" alt=\"Energia\"><\/p>\n<\/div>\n<p>\u00a0Ministerio de Trabajo promueve entornos psicosociales saludables en el \u00e1mbito laboral<br \/>\nyamellrossi<br \/>\n28 de  Abril 2026 | 14:03<\/p>\n<p>            Santo Domingo.-\u00a0El Ministerio de Trabajo present\u00f3 este martes la conferencia\u00a0\u201cEntornos de trabajo psicosociales saludables\u201d\u00a0en el marco de las actividades por la conmemoraci\u00f3n del\u00a0D\u00eda Mundial de la Seguridad y la Salud en el Trabajo.\u00a0<br \/>\nEl espacio abord\u00f3 la relevancia de promover\u00a0ambientes laborales sanos, enfocados en el\u00a0bienestar integral de los trabajadores y el fortalecimiento de la\u00a0productividad en el sector.\u00a0<br \/>\nEn la ponencia presentada por el ministro de Trabajo,\u00a0Eddy Olivares, se indic\u00f3 que cuando la salud mental se ve afectada en el entorno laboral, constituye\u00a0la peor agresi\u00f3n para un trabajador.\u00a0<br \/>\nConden\u00f3 los maltratos, el acoso y otras formas de violencia en el trabajo.\u00a0\u201cEn el Ministerio de Trabajo estamos preparados para atender los reclamos sobre este tipo de situaciones y as\u00ed fortalecer los entornos psicosociales saludables\u201d, afirm\u00f3 Olivares.\u00a0<br \/>\nSubray\u00f3 que cuando un trabajador sufre alg\u00fan maltrato o enfrenta situaciones de inseguridad, esto repercute en todos sus compa\u00f1eros.\u00a0<br \/>\nInform\u00f3 que pr\u00f3ximamente se presentar\u00e1 una\u00a0reforma integral de los botiquines, incorporando equipos de \u00faltima generaci\u00f3n, por ser una\u00a0herramienta esencial para salvaguardar la vida en el trabajo.\u00a0<br \/>\nEn ese sentido, Olivares anunci\u00f3 que convoc\u00f3 al Consejo Nacional de Seguridad y Salud Ocupacional\u00a0(Consso), \u00f3rgano rector y consultivo del Estado dominicano en materia de\u00a0seguridad y salud en el trabajo, para reformar las\u00a0normativas sobre este derecho fundamental de los trabajadores, al tiempo que adelant\u00f3 que ese organismo ya adapt\u00f3 al siglo XXI la resoluci\u00f3n sobre botiquines, la cual presentar\u00e1 al pa\u00eds la pr\u00f3xima semana.\u00a0<br \/>\nDe su lado,\u00a0Franklin Marte Bueno, viceministro de Seguridad y Salud en el Trabajo, manifest\u00f3 que los\u00a0ambientes laborales sanos constituyen una condici\u00f3n clave para el\u00a0desarrollo sostenible de las organizaciones.\u00a0<br \/>\n\u201cEsta es una tarea compartida entre el Estado, los trabajadores y los empleadores\u201d, apunt\u00f3.\u00a0<br \/>\nEn el encuentro,\u00a0cinco charlas fueron dictadas sobre los riesgos en los entornos laborales:\u00a0\u201cMetalurgia y manufactura\u201d, \u201cFactores de riesgos psicosociales\u201d, \u201cConstrucci\u00f3n\u201d; \u201cSector servicios\u201d; y \u201cSeguridad vial laboral\u201d.\u202f\u00a0<br \/>\nAsimismo, se present\u00f3 la ponencia\u00a0\u201cImplementaci\u00f3n de estrategias y abordaje de los factores de riesgo psicosocial en manufactura de alta tecnolog\u00eda\u201d.\u00a0<br \/>\nEn el acto, coordinado por la Direcci\u00f3n General de Higiene y Seguridad Industrial\u00a0(DGHS), Olivares recibi\u00f3 el \u201cManual seguridad y salud laboral para empresas\u00a0y\u00a0construcciones\u201d, de parte del autor,\u00a0Jaime Oscar Gonz\u00e1lez.\u00a0<br \/>\nAcompa\u00f1aron al ministro, los viceministros\u00a0Leonardo Manuel Gil, de Empleo;\u00a0Domingo Santana Castillo, de Regulaci\u00f3n del Trabajo, y\u00a0Angel Mora, jefe de Gabinete, entre otros colaboradores.\u00a0\u00a0\u00a0<\/p>\n","protected":false},"excerpt":{"rendered":"<p>Ministerio de Trabajo promueve entornos psicosociales saludables en el \u00e1mbito laboral yamellrossi 28 de Abril 2026 | 14:03 Santo Domingo.-\u00a0El Ministerio de Trabajo present\u00f3 este martes la conferencia\u00a0\u201cEntornos de trabajo psicosociales saludables\u201d\u00a0en el marco de las actividades por la conmemoraci\u00f3n del\u00a0D\u00eda Mundial de la Seguridad y la Salud en el Trabajo.\u00a0 El espacio abord\u00f3 la [&hellip;]<\/p>\n","protected":false},"author":1,"featured_media":25576,"comment_status":"open","ping_status":"open","sticky":false,"template":"","format":"standard","meta":{"amp_status":"","footnotes":""},"categories":[8],"tags":[],"class_list":["post-25575","post","type-post","status-publish","format-standard","has-post-thumbnail","hentry","category-republica"],"_links":{"self":[{"href":"https:\/\/ermdigital.com\/index.php\/wp-json\/wp\/v2\/posts\/25575","targetHints":{"allow":["GET"]}}],"collection":[{"href":"https:\/\/ermdigital.com\/index.php\/wp-json\/wp\/v2\/posts"}],"about":[{"href":"https:\/\/ermdigital.com\/index.php\/wp-json\/wp\/v2\/types\/post"}],"author":[{"embeddable":true,"href":"https:\/\/ermdigital.com\/index.php\/wp-json\/wp\/v2\/users\/1"}],"replies":[{"embeddable":true,"href":"https:\/\/ermdigital.com\/index.php\/wp-json\/wp\/v2\/comments?post=25575"}],"version-history":[{"count":0,"href":"https:\/\/ermdigital.com\/index.php\/wp-json\/wp\/v2\/posts\/25575\/revisions"}],"wp:featuredmedia":[{"embeddable":true,"href":"https:\/\/ermdigital.com\/index.php\/wp-json\/wp\/v2\/media\/25576"}],"wp:attachment":[{"href":"https:\/\/ermdigital.com\/index.php\/wp-json\/wp\/v2\/media?parent=25575"}],"wp:term":[{"taxonomy":"category","embeddable":true,"href":"https:\/\/ermdigital.com\/index.php\/wp-json\/wp\/v2\/categories?post=25575"},{"taxonomy":"post_tag","embeddable":true,"href":"https:\/\/ermdigital.com\/index.php\/wp-json\/wp\/v2\/tags?post=25575"}],"curies":[{"name":"wp","href":"https:\/\/api.w.org\/{rel}","templated":true}]}}