{"id":25573,"date":"2026-04-28T14:17:04","date_gmt":"2026-04-28T18:17:04","guid":{"rendered":"https:\/\/ermdigital.com\/index.php\/2026\/04\/28\/ministro-de-energia-y-minas-afirma-que-la-busqueda-de-balance-entre-medioambiente-e-impacto-economico-debe-definir-el-futuro-de-la-mineria-en-el-pais\/"},"modified":"2026-04-28T14:17:04","modified_gmt":"2026-04-28T18:17:04","slug":"ministro-de-energia-y-minas-afirma-que-la-busqueda-de-balance-entre-medioambiente-e-impacto-economico-debe-definir-el-futuro-de-la-mineria-en-el-pais","status":"publish","type":"post","link":"https:\/\/ermdigital.com\/index.php\/2026\/04\/28\/ministro-de-energia-y-minas-afirma-que-la-busqueda-de-balance-entre-medioambiente-e-impacto-economico-debe-definir-el-futuro-de-la-mineria-en-el-pais\/","title":{"rendered":"Ministro de Energ\u00eda y Minas afirma que la b\u00fasqueda de balance entre medioambiente e impacto econ\u00f3mico debe definir el futuro de la miner\u00eda en el pa\u00eds"},"content":{"rendered":"<p><span class=\"field field--name-title field--type-string field--label-hidden\">Ministro de Energ\u00eda y Minas afirma que la b\u00fasqueda de balance entre medioambiente e impacto econ\u00f3mico debe definir el futuro de la miner\u00eda en el pa\u00eds<\/span><br \/>\n<span class=\"field field--name-uid field--type-entity-reference field--label-hidden\"><span>yamellrossi<\/span><\/span><br \/>\n<span class=\"field field--name-created field--type-created field--label-hidden\"><time datetime=\"2026-04-28T14:17:04-04:00\" title=\"Martes, Abril 28, 2026 - 14:17\" class=\"datetime\">28 de  Abril 2026 | 14:17<\/time><br \/>\n<\/span><\/p>\n<div class=\"clearfix text-formatted field field--name-body field--type-text-with-summary field--label-hidden field__item\">\n<p dir=\"ltr\"><span>Santo Domingo.- El ministro de Energ\u00eda y Minas,\u00a0<\/span><strong>Joel Santos<\/strong><span>, afirm\u00f3 este martes que el\u00a0<\/span><strong>futuro de la miner\u00eda en el pa\u00eds<\/strong><span> debe definirse a partir de un\u00a0<\/span><strong>balance real<\/strong><span> entre<\/span><strong> la protecci\u00f3n ambiental y el desarrollo econ\u00f3mico,<\/strong><span> al advertir que cualquier decisi\u00f3n sobre proyectos tiene que sustentarse en\u00a0<\/span><strong>evidencia cient\u00edfica<\/strong><span>, el respeto al\u00a0<\/span><strong>debido proceso\u00a0<\/strong><span>y un\u00a0<\/span><strong>di\u00e1logo transparente<\/strong><span> con las comunidades.<\/span><\/p>\n<p dir=\"ltr\"><span>Precis\u00f3, adem\u00e1s, que el\u00a0<\/span><strong>debate<\/strong><span> sobre el\u00a0<\/span><strong>desarrollo minero en San Juan de la Maguana<\/strong><span> se centra en la ecuaci\u00f3n de garantizar el\u00a0<\/span><strong>crecimiento econ\u00f3mico sin comprometer los recursos naturales ni la estabilidad social<\/strong><span> de las comunidades.<\/span><\/p>\n<p dir=\"ltr\"><span>Santos sostuvo que cualquier decisi\u00f3n deber\u00e1 estar sustentada en\u00a0<\/span><strong>criterios t\u00e9cnicos<\/strong><span> y en el respeto estricto del debido proceso, tras explicar que en la actualidad se desarrolla un\u00a0<\/span><strong>estudio de impacto ambiental<\/strong><span> conforme a los lineamientos del\u00a0<\/span><strong>Ministerio de Medio Ambiente y Recursos Naturales<\/strong><span>, elaborado por especialistas internacionales.<\/span><\/p>\n<p dir=\"ltr\"><em>\u201cEn Rep\u00fablica Dominicana las decisiones no pueden basarse en rumores. Se construyen con evidencia, con institucionalidad y con di\u00e1logo directo con la gente\u201d,<\/em><span> precis\u00f3.<\/span><\/p>\n<p dir=\"ltr\"><span>El titular de Energ\u00eda y Minas insisti\u00f3 en que\u00a0<\/span><strong>el desarrollo minero sostenible no es incompatible con la protecci\u00f3n ambiental,<\/strong><span> pero recalc\u00f3 que la clave est\u00e1 en el balance.\u00a0<\/span><em>\u201cNo se trata de elegir entre econom\u00eda o medio ambiente, sino de garantizar que ambos convivan bajo reglas claras y supervisi\u00f3n t\u00e9cnica rigurosa\u201d,<\/em><span> indic\u00f3.<\/span><\/p>\n<p dir=\"ltr\"><span>En ese contexto, reafirm\u00f3 que el\u00a0<\/span><strong>rol del Gobierno\u00a0<\/strong><span>no es promover proyectos a cualquier costo, sino actuar como\u00a0<\/span><strong>garante del inter\u00e9s nacional<\/strong><span>.<\/span><em> \u201cEn una provincia con fuerte vocaci\u00f3n agr\u00edcola como San Juan, el enfoque debe ser responsable, respetando su identidad productiva y protegiendo sus recursos h\u00eddricos y suelos\u201d<\/em><span>, sostuvo.<\/span><\/p>\n<p dir=\"ltr\"><span>Santos agreg\u00f3 que la miner\u00eda mantiene\u00a0<\/span><strong>niveles salariales competitivos<\/strong><span>, genera\u00a0<\/span><strong>encadenamientos productivos<\/strong><span> relevantes y posee un car\u00e1cter contrac\u00edclico que le permite sostener su\u00a0<\/span><strong>aporte<\/strong><span>, incluso, en contextos internacionales complejos, contribuyendo a la\u00a0<\/span><strong>estabilidad econ\u00f3mica<\/strong><span> nacional.<\/span><\/p>\n<p dir=\"ltr\"><span>Tambi\u00e9n destac\u00f3\u00a0<\/span><strong>el peso del sector en la econom\u00eda dominicana.<\/strong><span> Inform\u00f3 que la miner\u00eda registr\u00f3 un\u00a0<\/span><strong>crecimiento de 7.7 %<\/strong><span> durante el primer trimestre de 2026, posicion\u00e1ndose como la actividad de mayor dinamismo, en un contexto donde la econom\u00eda nacional acumul\u00f3 una expansi\u00f3n de 4.1 %, seg\u00fan el Indicador Mensual de Actividad Econ\u00f3mica\u00a0<\/span><strong>(IMAE) del Banco Central.<\/strong><\/p>\n<p dir=\"ltr\"><span>Explic\u00f3 que ese desempe\u00f1o estuvo impulsado por mayores vol\u00famenes de extracci\u00f3n de oro, plata y materiales de construcci\u00f3n, consolidando a\u00a0<\/span><strong>la miner\u00eda como uno de los principales pilares exportadores del pa\u00eds<\/strong><span>. Record\u00f3 que en 2025 las exportaciones mineras superaron los\u00a0<\/span><strong>USD 2,500 millones<\/strong><span>, con el oro como principal producto.<\/span><\/p>\n<p dir=\"ltr\"><span>Asimismo, subray\u00f3 el\u00a0<\/span><strong>impacto fiscal<\/strong><span> del sector, cuyos aportes alcanzaron aproximadamente\u00a0<\/span><strong>RD 45,000 millones el pasado a\u00f1o<\/strong><span>, fortaleciendo las finanzas p\u00fablicas y respaldando la inversi\u00f3n social del Estado.<\/span><\/p>\n<p dir=\"ltr\"><span>Como parte de la visi\u00f3n de futuro, el ministro anunci\u00f3 que el Gobierno impulsa un proyecto de ley orientado a la\u00a0<\/span><strong>modernizaci\u00f3n del sector minero<\/strong><span>, que abarcar\u00e1 aspectos clave como la\u00a0<\/span><strong>relaci\u00f3n con las comunidades<\/strong><span>, el\u00a0<\/span><strong>r\u00e9gimen fiscal<\/strong><span> y el fortalecimiento de las\u00a0<\/span><strong>normativas ambientales<\/strong><span>.<\/span><\/p>\n<p><em>\u201cEl objetivo es construir un marco m\u00e1s moderno, transparente y equilibrado, donde el desarrollo econ\u00f3mico avance sin comprometer el bienestar de la gente ni los recursos del pa\u00eds\u201d<\/em><span>, concluy\u00f3.<\/span><\/p>\n<\/div>\n<div class=\"field field--name-field-image field--type-image field--label-hidden field__item\">  <img decoding=\"async\" loading=\"lazy\" src=\"https:\/\/www.presidencia.gob.do\/sites\/default\/files\/news\/2026-04\/WhatsApp%20Image%202026-04-28%20at%201.37.19%20PM.jpeg\" width=\"2560\" height=\"1709\" alt=\"Energia\"><\/p>\n<\/div>\n<p>\u00a0Ministro de Energ\u00eda y Minas afirma que la b\u00fasqueda de balance entre medioambiente e impacto econ\u00f3mico debe definir el futuro de la miner\u00eda en el pa\u00eds<br \/>\nyamellrossi<br \/>\n28 de  Abril 2026 | 14:17<\/p>\n<p>            Santo Domingo.- El ministro de Energ\u00eda y Minas,\u00a0Joel Santos, afirm\u00f3 este martes que el\u00a0futuro de la miner\u00eda en el pa\u00eds debe definirse a partir de un\u00a0balance real entre la protecci\u00f3n ambiental y el desarrollo econ\u00f3mico, al advertir que cualquier decisi\u00f3n sobre proyectos tiene que sustentarse en\u00a0evidencia cient\u00edfica, el respeto al\u00a0debido proceso\u00a0y un\u00a0di\u00e1logo transparente con las comunidades.<br \/>\nPrecis\u00f3, adem\u00e1s, que el\u00a0debate sobre el\u00a0desarrollo minero en San Juan de la Maguana se centra en la ecuaci\u00f3n de garantizar el\u00a0crecimiento econ\u00f3mico sin comprometer los recursos naturales ni la estabilidad social de las comunidades.<br \/>\nSantos sostuvo que cualquier decisi\u00f3n deber\u00e1 estar sustentada en\u00a0criterios t\u00e9cnicos y en el respeto estricto del debido proceso, tras explicar que en la actualidad se desarrolla un\u00a0estudio de impacto ambiental conforme a los lineamientos del\u00a0Ministerio de Medio Ambiente y Recursos Naturales, elaborado por especialistas internacionales.<br \/>\n\u201cEn Rep\u00fablica Dominicana las decisiones no pueden basarse en rumores. Se construyen con evidencia, con institucionalidad y con di\u00e1logo directo con la gente\u201d, precis\u00f3.<br \/>\nEl titular de Energ\u00eda y Minas insisti\u00f3 en que\u00a0el desarrollo minero sostenible no es incompatible con la protecci\u00f3n ambiental, pero recalc\u00f3 que la clave est\u00e1 en el balance.\u00a0\u201cNo se trata de elegir entre econom\u00eda o medio ambiente, sino de garantizar que ambos convivan bajo reglas claras y supervisi\u00f3n t\u00e9cnica rigurosa\u201d, indic\u00f3.<br \/>\nEn ese contexto, reafirm\u00f3 que el\u00a0rol del Gobierno\u00a0no es promover proyectos a cualquier costo, sino actuar como\u00a0garante del inter\u00e9s nacional. \u201cEn una provincia con fuerte vocaci\u00f3n agr\u00edcola como San Juan, el enfoque debe ser responsable, respetando su identidad productiva y protegiendo sus recursos h\u00eddricos y suelos\u201d, sostuvo.<br \/>\nSantos agreg\u00f3 que la miner\u00eda mantiene\u00a0niveles salariales competitivos, genera\u00a0encadenamientos productivos relevantes y posee un car\u00e1cter contrac\u00edclico que le permite sostener su\u00a0aporte, incluso, en contextos internacionales complejos, contribuyendo a la\u00a0estabilidad econ\u00f3mica nacional.<br \/>\nTambi\u00e9n destac\u00f3\u00a0el peso del sector en la econom\u00eda dominicana. Inform\u00f3 que la miner\u00eda registr\u00f3 un\u00a0crecimiento de 7.7 % durante el primer trimestre de 2026, posicion\u00e1ndose como la actividad de mayor dinamismo, en un contexto donde la econom\u00eda nacional acumul\u00f3 una expansi\u00f3n de 4.1 %, seg\u00fan el Indicador Mensual de Actividad Econ\u00f3mica\u00a0(IMAE) del Banco Central.<br \/>\nExplic\u00f3 que ese desempe\u00f1o estuvo impulsado por mayores vol\u00famenes de extracci\u00f3n de oro, plata y materiales de construcci\u00f3n, consolidando a\u00a0la miner\u00eda como uno de los principales pilares exportadores del pa\u00eds. Record\u00f3 que en 2025 las exportaciones mineras superaron los\u00a0USD 2,500 millones, con el oro como principal producto.<br \/>\nAsimismo, subray\u00f3 el\u00a0impacto fiscal del sector, cuyos aportes alcanzaron aproximadamente\u00a0RD 45,000 millones el pasado a\u00f1o, fortaleciendo las finanzas p\u00fablicas y respaldando la inversi\u00f3n social del Estado.<br \/>\nComo parte de la visi\u00f3n de futuro, el ministro anunci\u00f3 que el Gobierno impulsa un proyecto de ley orientado a la\u00a0modernizaci\u00f3n del sector minero, que abarcar\u00e1 aspectos clave como la\u00a0relaci\u00f3n con las comunidades, el\u00a0r\u00e9gimen fiscal y el fortalecimiento de las\u00a0normativas ambientales.<br \/>\n\u201cEl objetivo es construir un marco m\u00e1s moderno, transparente y equilibrado, donde el desarrollo econ\u00f3mico avance sin comprometer el bienestar de la gente ni los recursos del pa\u00eds\u201d, concluy\u00f3.\u00a0\u00a0\u00a0<\/p>\n","protected":false},"excerpt":{"rendered":"<p>Ministro de Energ\u00eda y Minas afirma que la b\u00fasqueda de balance entre medioambiente e impacto econ\u00f3mico debe definir el futuro de la miner\u00eda en el pa\u00eds yamellrossi 28 de Abril 2026 | 14:17 Santo Domingo.- El ministro de Energ\u00eda y Minas,\u00a0Joel Santos, afirm\u00f3 este martes que el\u00a0futuro de la miner\u00eda en el pa\u00eds debe definirse [&hellip;]<\/p>\n","protected":false},"author":1,"featured_media":25574,"comment_status":"open","ping_status":"open","sticky":false,"template":"","format":"standard","meta":{"amp_status":"","footnotes":""},"categories":[8],"tags":[],"class_list":["post-25573","post","type-post","status-publish","format-standard","has-post-thumbnail","hentry","category-republica"],"_links":{"self":[{"href":"https:\/\/ermdigital.com\/index.php\/wp-json\/wp\/v2\/posts\/25573","targetHints":{"allow":["GET"]}}],"collection":[{"href":"https:\/\/ermdigital.com\/index.php\/wp-json\/wp\/v2\/posts"}],"about":[{"href":"https:\/\/ermdigital.com\/index.php\/wp-json\/wp\/v2\/types\/post"}],"author":[{"embeddable":true,"href":"https:\/\/ermdigital.com\/index.php\/wp-json\/wp\/v2\/users\/1"}],"replies":[{"embeddable":true,"href":"https:\/\/ermdigital.com\/index.php\/wp-json\/wp\/v2\/comments?post=25573"}],"version-history":[{"count":0,"href":"https:\/\/ermdigital.com\/index.php\/wp-json\/wp\/v2\/posts\/25573\/revisions"}],"wp:featuredmedia":[{"embeddable":true,"href":"https:\/\/ermdigital.com\/index.php\/wp-json\/wp\/v2\/media\/25574"}],"wp:attachment":[{"href":"https:\/\/ermdigital.com\/index.php\/wp-json\/wp\/v2\/media?parent=25573"}],"wp:term":[{"taxonomy":"category","embeddable":true,"href":"https:\/\/ermdigital.com\/index.php\/wp-json\/wp\/v2\/categories?post=25573"},{"taxonomy":"post_tag","embeddable":true,"href":"https:\/\/ermdigital.com\/index.php\/wp-json\/wp\/v2\/tags?post=25573"}],"curies":[{"name":"wp","href":"https:\/\/api.w.org\/{rel}","templated":true}]}}