{"id":25565,"date":"2026-04-28T14:06:54","date_gmt":"2026-04-28T18:06:54","guid":{"rendered":"https:\/\/ermdigital.com\/index.php\/2026\/04\/28\/se-querellan-contra-jhossan-capell-por-agredir-al-padre-de-una-de-las-victimas-del-caso-jet-set\/"},"modified":"2026-04-28T14:06:54","modified_gmt":"2026-04-28T18:06:54","slug":"se-querellan-contra-jhossan-capell-por-agredir-al-padre-de-una-de-las-victimas-del-caso-jet-set","status":"publish","type":"post","link":"https:\/\/ermdigital.com\/index.php\/2026\/04\/28\/se-querellan-contra-jhossan-capell-por-agredir-al-padre-de-una-de-las-victimas-del-caso-jet-set\/","title":{"rendered":"Se querellan contra Jhossan Capell por agredir al padre de una de las v\u00edctimas del caso Jet Set\u00a0"},"content":{"rendered":"<p>&lt;![CDATA[<\/p>\n<p>El comunicador Jhossan Capell fue denunciado ante la Fiscal\u00eda del Distrito Nacional tras propinarle una bofetada al se\u00f1or Jos\u00e9 Luis Custodio, padre de una de las v\u00edctimas del tr\u00e1gico incidente.<\/p>\n<p><a href=\"https:\/\/listindiario.com\/la-republica\/20260428\/querellan-jhossan-capell-agredir-padre-victimas-caso-jet-set_903591.html\">wf_cms.rss.read_more<\/a><\/p>\n<p>]]&gt;<\/p>\n<p>\u200bEl comunicador Jhossan Capell fue denunciado ante la Fiscal\u00eda del Distrito Nacional tras propinarle una bofetada al se\u00f1or Jos\u00e9 Luis Custodio, padre de una de las v\u00edctimas del tr\u00e1gico incidente.\u00a0\u00a0La Rep\u00fablica\u00a0<\/p>\n","protected":false},"excerpt":{"rendered":"<p>&lt;![CDATA[ El comunicador Jhossan Capell fue denunciado ante la Fiscal\u00eda del Distrito Nacional tras propinarle una bofetada al se\u00f1or Jos\u00e9 Luis Custodio, padre de una de las v\u00edctimas del tr\u00e1gico incidente. wf_cms.rss.read_more ]]&gt; \u200bEl comunicador Jhossan Capell fue denunciado ante la Fiscal\u00eda del Distrito Nacional tras propinarle una bofetada al se\u00f1or Jos\u00e9 Luis Custodio, padre [&hellip;]<\/p>\n","protected":false},"author":1,"featured_media":25566,"comment_status":"open","ping_status":"open","sticky":false,"template":"","format":"standard","meta":{"amp_status":"","footnotes":""},"categories":[5],"tags":[],"class_list":["post-25565","post","type-post","status-publish","format-standard","has-post-thumbnail","hentry","category-politica"],"_links":{"self":[{"href":"https:\/\/ermdigital.com\/index.php\/wp-json\/wp\/v2\/posts\/25565","targetHints":{"allow":["GET"]}}],"collection":[{"href":"https:\/\/ermdigital.com\/index.php\/wp-json\/wp\/v2\/posts"}],"about":[{"href":"https:\/\/ermdigital.com\/index.php\/wp-json\/wp\/v2\/types\/post"}],"author":[{"embeddable":true,"href":"https:\/\/ermdigital.com\/index.php\/wp-json\/wp\/v2\/users\/1"}],"replies":[{"embeddable":true,"href":"https:\/\/ermdigital.com\/index.php\/wp-json\/wp\/v2\/comments?post=25565"}],"version-history":[{"count":0,"href":"https:\/\/ermdigital.com\/index.php\/wp-json\/wp\/v2\/posts\/25565\/revisions"}],"wp:featuredmedia":[{"embeddable":true,"href":"https:\/\/ermdigital.com\/index.php\/wp-json\/wp\/v2\/media\/25566"}],"wp:attachment":[{"href":"https:\/\/ermdigital.com\/index.php\/wp-json\/wp\/v2\/media?parent=25565"}],"wp:term":[{"taxonomy":"category","embeddable":true,"href":"https:\/\/ermdigital.com\/index.php\/wp-json\/wp\/v2\/categories?post=25565"},{"taxonomy":"post_tag","embeddable":true,"href":"https:\/\/ermdigital.com\/index.php\/wp-json\/wp\/v2\/tags?post=25565"}],"curies":[{"name":"wp","href":"https:\/\/api.w.org\/{rel}","templated":true}]}}