{"id":25559,"date":"2026-04-28T12:57:00","date_gmt":"2026-04-28T16:57:00","guid":{"rendered":"https:\/\/ermdigital.com\/index.php\/2026\/04\/28\/habla-la-madre-de-nina-hallada-muerta-en-una-canada-y-senala-al-padre-como-responsable\/"},"modified":"2026-04-28T12:57:00","modified_gmt":"2026-04-28T16:57:00","slug":"habla-la-madre-de-nina-hallada-muerta-en-una-canada-y-senala-al-padre-como-responsable","status":"publish","type":"post","link":"https:\/\/ermdigital.com\/index.php\/2026\/04\/28\/habla-la-madre-de-nina-hallada-muerta-en-una-canada-y-senala-al-padre-como-responsable\/","title":{"rendered":"Habla la madre de ni\u00f1a hallada muerta en una ca\u00f1ada y se\u00f1ala al padre como responsable"},"content":{"rendered":"<p><strong>SANTO DOMINGO<\/strong> \u2013 En una entrevista cargada de dolor y desconcierto en el <a href=\"https:\/\/www.youtube.com\/@estonoesradio2242\" target=\"_blank\" rel=\"noopener\"><strong>programa radial <em>Esto No es Radio Show<\/em><\/strong><\/a>, Keila Mart\u00ednez, madre de la beb\u00e9 de un a\u00f1o cuyo cuerpo fue hallado dentro de un bulto en una ca\u00f1ada de Los Girasoles, rompi\u00f3 el silencio sobre la tragedia que ha estremecido a la sociedad dominicana. Entre l\u00e1grimas, la progenitora se\u00f1al\u00f3 directamente al padre de la menor, Jos\u00e9 Alfredo (conocido como Freddy), como el principal responsable del hecho, aunque manifest\u00f3 no comprender c\u00f3mo un hombre que siempre fue un \"buen padre\" pudo verse involucrado en algo tan dantesco.<\/p>\n<p>El suceso, calificado por los panelistas como uno de los casos m\u00e1s fuertes tratados en el espacio, ocurri\u00f3 mientras la ni\u00f1a se encontraba bajo el cuidado del padre, con quien Mart\u00ednez manten\u00eda una relaci\u00f3n de custodia compartida tras 12 a\u00f1os de matrimonio. Seg\u00fan el relato de la madre, el imputado alega que sali\u00f3 de la casa un momento dejando a sus tres hijos durmiendo y que, al regresar, la beb\u00e9 ya no estaba. No obstante, Mart\u00ednez desconf\u00eda de esta versi\u00f3n: <strong>\u201cPara m\u00ed s\u00ed [fue \u00e9l]&#8230; porque el \u00faltimo que tuvo acceso a la beb\u00e9 fue \u00e9l\u201d<\/strong>.<\/p>\n<p><strong>LEER TAMBI\u00c9N: <a href=\"https:\/\/deultimominuto.net\/nacionales\/hallan-cadaver-de-bebe\/\" data-type=\"post\" data-id=\"643908\">Hallan cad\u00e1ver de beb\u00e9 en una ca\u00f1ada en Los Girasoles<\/a><\/strong><\/p>\n<h2 class=\"wp-block-heading\"><strong>Un hallazgo rodeado de sospechas<\/strong><\/h2>\n<p>La investigaci\u00f3n ha revelado detalles perturbadores, como el <a href=\"https:\/\/deultimominuto.net\/nacionales\/pasado-de-jhossan-capell\/\">hecho <\/a>de que el cuerpo de la ni\u00f1a fue encontrado dentro de un bulto que, seg\u00fan Mart\u00ednez, pertenece a la actual pareja sentimental del padre. La mujer detall\u00f3 que la propia novia del sospechoso admiti\u00f3 que el bulto era suyo, alegando que lo hab\u00eda lavado y dejado secando fuera de su casa.<\/p>\n<p>Ante la posibilidad de que no se tratara de un acto premeditado, la madre expres\u00f3 su confusi\u00f3n interna: <strong>\u201cYo pienso que fue, no s\u00e9, que se le cay\u00f3, que lo hizo, que hizo algo sin querer&#8230; porque mis hijos eran locos con ese se\u00f1or\u201d<\/strong>. Sin embargo, el informe preliminar de la autopsia indica que la causa del deceso fue anoxia cerebral, provocada por una falta de ox\u00edgeno que podr\u00eda estar vinculada a un golpe.<\/p>\n<figure class=\"wp-block-embed is-type-video is-provider-youtube wp-block-embed-youtube wp-embed-aspect-16-9 wp-has-aspect-ratio\">\n<div class=\"wp-block-embed__wrapper\">\n<div class=\"youtube-embed\" data-video_id=\"DysUMpKToiM\"><\/div>\n<\/div>\n<\/figure>\n<h2 class=\"wp-block-heading\"><strong>Justicia y el drama de los hijos restantes<\/strong><\/h2>\n<p>Keila Mart\u00ednez tuvo que enfrentar a su exesposo en el tribunal durante el conocimiento de la medida de coerci\u00f3n. Su mensaje para \u00e9l es claro y directo: <strong>\u201cQue me d\u00e9 raz\u00f3n&#8230; que me diga qu\u00e9 fue lo que le hizo a la beb\u00e9. O sea, porque algo pas\u00f3. \u00bfO a qui\u00e9n \u00e9l est\u00e1 tapando, a qui\u00e9n \u00e9l est\u00e1 cubriendo?\u201d<\/strong>.<\/p>\n<p>Adem\u00e1s de la p\u00e9rdida de su hija menor, la madre denunci\u00f3 que atraviesa una \"batalla interna\" debido a que las autoridades mantienen a sus otros dos hijos, de 12 y 11 a\u00f1os, bajo custodia del CONANI por orden del Ministerio P\u00fablico y sin permitirle verlos ni darle informaci\u00f3n sobre su ubicaci\u00f3n por protecci\u00f3n de los menores mientras se investigan los hechos. <\/p>\n<p><strong>\u201cYo no he sufrido el duelo todav\u00eda en s\u00ed porque tengo que mantenerme firme por mis hijos, por los que me quedan, porque tengo que luchar por ellos\u201d<\/strong>, afirm\u00f3 Mart\u00ednez, solicitando ayuda urgente para recuperar la custodia de sus ni\u00f1os, quienes tambi\u00e9n son v\u00edctimas colaterales de este horrendo crimen.<\/p>\n<p>\u200bSANTO DOMINGO \u2013 En una entrevista cargada de dolor y desconcierto en el programa radial Esto No es Radio Show, Keila Mart\u00ednez, madre de la beb\u00e9 de un a\u00f1o cuyo cuerpo fue hallado dentro de un bulto en una ca\u00f1ada de Los Girasoles, rompi\u00f3 el silencio sobre la tragedia que ha estremecido a la sociedad\u00a0\u00a0Nacionales, Esto no es Radio Show\u00a0\u00a0<\/p>\n","protected":false},"excerpt":{"rendered":"<p>SANTO DOMINGO \u2013 En una entrevista cargada de dolor y desconcierto en el programa radial Esto No es Radio Show, Keila Mart\u00ednez, madre de la beb\u00e9 de un a\u00f1o cuyo cuerpo fue hallado dentro de un bulto en una ca\u00f1ada de Los Girasoles, rompi\u00f3 el silencio sobre la tragedia que ha estremecido a la sociedad [&hellip;]<\/p>\n","protected":false},"author":1,"featured_media":25560,"comment_status":"open","ping_status":"open","sticky":false,"template":"","format":"standard","meta":{"amp_status":"","footnotes":""},"categories":[3],"tags":[],"class_list":["post-25559","post","type-post","status-publish","format-standard","has-post-thumbnail","hentry","category-de-ultimo-minuto"],"_links":{"self":[{"href":"https:\/\/ermdigital.com\/index.php\/wp-json\/wp\/v2\/posts\/25559","targetHints":{"allow":["GET"]}}],"collection":[{"href":"https:\/\/ermdigital.com\/index.php\/wp-json\/wp\/v2\/posts"}],"about":[{"href":"https:\/\/ermdigital.com\/index.php\/wp-json\/wp\/v2\/types\/post"}],"author":[{"embeddable":true,"href":"https:\/\/ermdigital.com\/index.php\/wp-json\/wp\/v2\/users\/1"}],"replies":[{"embeddable":true,"href":"https:\/\/ermdigital.com\/index.php\/wp-json\/wp\/v2\/comments?post=25559"}],"version-history":[{"count":0,"href":"https:\/\/ermdigital.com\/index.php\/wp-json\/wp\/v2\/posts\/25559\/revisions"}],"wp:featuredmedia":[{"embeddable":true,"href":"https:\/\/ermdigital.com\/index.php\/wp-json\/wp\/v2\/media\/25560"}],"wp:attachment":[{"href":"https:\/\/ermdigital.com\/index.php\/wp-json\/wp\/v2\/media?parent=25559"}],"wp:term":[{"taxonomy":"category","embeddable":true,"href":"https:\/\/ermdigital.com\/index.php\/wp-json\/wp\/v2\/categories?post=25559"},{"taxonomy":"post_tag","embeddable":true,"href":"https:\/\/ermdigital.com\/index.php\/wp-json\/wp\/v2\/tags?post=25559"}],"curies":[{"name":"wp","href":"https:\/\/api.w.org\/{rel}","templated":true}]}}