{"id":25549,"date":"2026-04-28T13:10:58","date_gmt":"2026-04-28T17:10:58","guid":{"rendered":"https:\/\/ermdigital.com\/index.php\/2026\/04\/28\/septima-edicion-de-hub-camara-santo-domingo-se-realizara-los-dias-9-y-10-de-septiembre\/"},"modified":"2026-04-28T13:10:58","modified_gmt":"2026-04-28T17:10:58","slug":"septima-edicion-de-hub-camara-santo-domingo-se-realizara-los-dias-9-y-10-de-septiembre","status":"publish","type":"post","link":"https:\/\/ermdigital.com\/index.php\/2026\/04\/28\/septima-edicion-de-hub-camara-santo-domingo-se-realizara-los-dias-9-y-10-de-septiembre\/","title":{"rendered":"S\u00e9ptima edici\u00f3n de HUB C\u00e1mara Santo Domingo se realizar\u00e1 los d\u00edas 9 y 10 de septiembre"},"content":{"rendered":"<p>La C\u00e1mara Santo Domingo y ProDominicana anunciaron oficialmente la celebraci\u00f3n de la s\u00e9ptima edici\u00f3n de HUB C\u00e1mara Santo Domingo, la principal plataforma de conexi\u00f3n empresarial multisectorial de la regi\u00f3n, la cual reunir\u00e1 a la energ\u00eda exportadora del pa\u00eds los pr\u00f3ximos 9 y 10 de septiembre.<\/p>\n<p>Durante el acto de lanzamiento, Lucile Houellemont, presidenta de la C\u00e1mara Santo Domingo, destac\u00f3 que este ecosistema donde convergen empresas, mercados y conocimiento, est\u00e1 dise\u00f1ado para generar oportunidades reales de \u00e9xito.<\/p>\n<p>\"En toda nuestra larga historia, hemos impulsado innumerables iniciativas para potenciar la econom\u00eda, y HUB brilla con luz propia porque no solo facilita el hacer negocios, sino que catapulta la internacionalizaci\u00f3n de nuestras empresas dominicanas hacia el mundo. Nuestro gran objetivo es posicionar a la Rep\u00fablica Dominicana como el epicentro estrat\u00e9gico para hacer negocios en toda la regi\u00f3n\", afirm\u00f3 Houellemont.<\/p>\n<p>Biviana Riveiro Disla, directora ejecutiva de ProDominicana, destac\u00f3 que esta iniciativa representa una plataforma estrat\u00e9gica para seguir fortaleciendo la competitividad del sector empresarial dominicano, impulsar nuevas oportunidades de negocios y conectar a nuestras empresas con mercados internacionales. Se\u00f1al\u00f3 que desde ProDominicana valoran los espacios que promueven la innovaci\u00f3n, el intercambio comercial y la articulaci\u00f3n entre los distintos actores productivos del pa\u00eds, contribuyendo as\u00ed al crecimiento sostenible de la econom\u00eda nacional.<\/p>\n<p>Asimismo, Riveiro resalt\u00f3 el rol de ProDominicana dentro de este importante evento, liderando la coordinaci\u00f3n de las rondas de negocios, concebidas para facilitar encuentros efectivos entre empresas locales e internacionales, fomentar alianzas estrat\u00e9gicas y abrir nuevas puertas para las exportaciones dominicanas.<\/p>\n<p>HUB cuenta con el respaldo del Ministerio de Industria, Comercio y Mipymes (MICM). \u201cLa Rep\u00fablica Dominicana no solo participa en el comercio regional; hoy se consolida como el nodo que conecta inversi\u00f3n, innovaci\u00f3n, producci\u00f3n y oportunidades en el Caribe\u201d, expres\u00f3 Yayo Sanz Lovat\u00f3n en el marco del lanzamiento del HUB C\u00e1mara Santo Domingo 2026, destacando el papel estrat\u00e9gico del pa\u00eds como plataforma para impulsar alianzas, fortalecer la capacidad productiva, atraer inversi\u00f3n y expandir negocios a nivel regional.<\/p>\n<p>Esta s\u00e9ptima edici\u00f3n se fundamenta en cuatro pilares: negocios enfocados en alianzas comerciales directas; networking para conectar con inversionistas; exhibici\u00f3n para que las empresas destaquen sus innovaciones; y conocimiento, a trav\u00e9s de conferencias sobre tendencias globales con expertos internacionales.<\/p>\n<p>La C\u00e1mara Santo Domingo extendi\u00f3 una invitaci\u00f3n a los l\u00edderes empresariales, exportadores y miembros de los sectores productivos a participar en HUB C\u00e1mara Santo Domingo 2026 y ser protagonistas del futuro econ\u00f3mico de la regi\u00f3n. Esta iniciativa cuenta con el apoyo de Banreservas, as\u00ed como de Diario Libre y La X 102 FM en calidad de <em>media partners<\/em>.<\/p>\n<p><strong>Sobre la C\u00e1mara Santo Domingo <\/strong><strong><\/strong><\/p>\n<p>Fundada en 1847, es la C\u00e1mara de Comercio m\u00e1s antigua de Am\u00e9rica Latina. Es una instituci\u00f3n sin fines de lucro que acompa\u00f1a a las empresas de Santo Domingo durante todo su ciclo de vida. Conforme a la Ley 3-02, administra el Registro Mercantil en Santo Domingo. Ofrece los servicios de Digifirma, Corte de Arbitraje y Resoluci\u00f3n Alternativa de Conflictos, rondas de negocios, misiones comerciales, y el directorio de empresas MujerEs. Realiza los eventos HUB y CRECE, dirigidos a empresas exportadoras y Mipymes, respectivamente.<\/p>\n<p>\u200bLa C\u00e1mara Santo Domingo y ProDominicana anunciaron oficialmente la celebraci\u00f3n de la s\u00e9ptima edici\u00f3n de HUB C\u00e1mara Santo Domingo, la principal plataforma de conexi\u00f3n empresarial multisectorial de la regi\u00f3n, la cual reunir\u00e1 a la energ\u00eda exportadora del pa\u00eds los pr\u00f3ximos 9 y 10 de septiembre. Durante el acto de lanzamiento, Lucile Houellemont, presidenta de la\u00a0\u00a0Econom\u00eda, Hub C\u00e1mara, Santo Domingo\u00a0\u00a0<\/p>\n","protected":false},"excerpt":{"rendered":"<p>La C\u00e1mara Santo Domingo y ProDominicana anunciaron oficialmente la celebraci\u00f3n de la s\u00e9ptima edici\u00f3n de HUB C\u00e1mara Santo Domingo, la principal plataforma de conexi\u00f3n empresarial multisectorial de la regi\u00f3n, la cual reunir\u00e1 a la energ\u00eda exportadora del pa\u00eds los pr\u00f3ximos 9 y 10 de septiembre. Durante el acto de lanzamiento, Lucile Houellemont, presidenta de la [&hellip;]<\/p>\n","protected":false},"author":1,"featured_media":25550,"comment_status":"open","ping_status":"open","sticky":false,"template":"","format":"standard","meta":{"amp_status":"","footnotes":""},"categories":[3],"tags":[],"class_list":["post-25549","post","type-post","status-publish","format-standard","has-post-thumbnail","hentry","category-de-ultimo-minuto"],"_links":{"self":[{"href":"https:\/\/ermdigital.com\/index.php\/wp-json\/wp\/v2\/posts\/25549","targetHints":{"allow":["GET"]}}],"collection":[{"href":"https:\/\/ermdigital.com\/index.php\/wp-json\/wp\/v2\/posts"}],"about":[{"href":"https:\/\/ermdigital.com\/index.php\/wp-json\/wp\/v2\/types\/post"}],"author":[{"embeddable":true,"href":"https:\/\/ermdigital.com\/index.php\/wp-json\/wp\/v2\/users\/1"}],"replies":[{"embeddable":true,"href":"https:\/\/ermdigital.com\/index.php\/wp-json\/wp\/v2\/comments?post=25549"}],"version-history":[{"count":0,"href":"https:\/\/ermdigital.com\/index.php\/wp-json\/wp\/v2\/posts\/25549\/revisions"}],"wp:featuredmedia":[{"embeddable":true,"href":"https:\/\/ermdigital.com\/index.php\/wp-json\/wp\/v2\/media\/25550"}],"wp:attachment":[{"href":"https:\/\/ermdigital.com\/index.php\/wp-json\/wp\/v2\/media?parent=25549"}],"wp:term":[{"taxonomy":"category","embeddable":true,"href":"https:\/\/ermdigital.com\/index.php\/wp-json\/wp\/v2\/categories?post=25549"},{"taxonomy":"post_tag","embeddable":true,"href":"https:\/\/ermdigital.com\/index.php\/wp-json\/wp\/v2\/tags?post=25549"}],"curies":[{"name":"wp","href":"https:\/\/api.w.org\/{rel}","templated":true}]}}