{"id":25529,"date":"2026-04-28T11:42:41","date_gmt":"2026-04-28T15:42:41","guid":{"rendered":"https:\/\/ermdigital.com\/index.php\/2026\/04\/28\/joven-permanece-en-estado-delicado-tras-accidente-con-vehiculo-de-escolta-presidencial-en-carretera-de-puerto-plata\/"},"modified":"2026-04-28T11:42:41","modified_gmt":"2026-04-28T15:42:41","slug":"joven-permanece-en-estado-delicado-tras-accidente-con-vehiculo-de-escolta-presidencial-en-carretera-de-puerto-plata","status":"publish","type":"post","link":"https:\/\/ermdigital.com\/index.php\/2026\/04\/28\/joven-permanece-en-estado-delicado-tras-accidente-con-vehiculo-de-escolta-presidencial-en-carretera-de-puerto-plata\/","title":{"rendered":"Joven permanece en estado delicado tras accidente con veh\u00edculo de escolta presidencial en carretera de Puerto Plata"},"content":{"rendered":"<p><strong><em>Puerto Plata.\u2013<\/em><\/strong> El joven <strong>Ariel Silverio Rodr\u00edguez<\/strong> contin\u00faa en estado delicado de salud luego de resultar herido en un accidente de tr\u00e1nsito ocurrido la ma\u00f1ana de este lunes en el tramo carretero Maim\u00f3n\u2013Puerto Plata, cuando su veh\u00edculo fue impactado por una unidad perteneciente a la escolta presidencial.<\/p>\n<p>De acuerdo con los reportes preliminares, Silverio Rodr\u00edguez conduc\u00eda un autom\u00f3vil marca Hyundai Sonata cuando se produjo la colisi\u00f3n, mientras se desplazaba por la v\u00eda que conduce hacia el municipio de Sos\u00faa.<\/p>\n<h3 class=\"wp-block-heading\"><strong><em>Leer m\u00e1s: <a href=\"https:\/\/deultimominuto.net\/nacionales\/sistema-de-emergencia-coordina-asistencia-de-heridos-durante-accidente-en-puerto-plata\/\" data-type=\"post\" data-id=\"394836\">Sistema de emergencia coordina asistencia de heridos durante accidente en Puerto Plata<\/a><\/em><\/strong><\/h3>\n<p>En el incidente tambi\u00e9n resultaron lesionados dos oficiales que viajaban en el veh\u00edculo oficial: el primer teniente del <strong><em>Ej\u00e9rcito de la Rep\u00fablica Dominicana <\/em><\/strong>(<a href=\"https:\/\/www.ejercito.mil.do\/\" target=\"_blank\" rel=\"noopener\">ERD<\/a>), Mariales Veras Abreu, quien iba como copiloto, y el segundo teniente de la Polic\u00eda Nacional (PN), Julio Miguel Santos, quien conduc\u00eda la unidad de la escolta.<\/p>\n<p>Los tres involucrados fueron asistidos y trasladados a centros de salud de la zona, donde permanecen bajo observaci\u00f3n m\u00e9dica. Hasta el momento, las autoridades no han ofrecido detalles concluyentes sobre las causas del accidente, mientras contin\u00faan las investigaciones correspondientes.<\/p>\n<p>El hecho ha generado atenci\u00f3n p\u00fablica debido a la participaci\u00f3n de una unidad oficial de seguridad presidencial en el siniestro.<\/p>\n<p>\u200bPuerto Plata.\u2013 El joven Ariel Silverio Rodr\u00edguez contin\u00faa en estado delicado de salud luego de resultar herido en un accidente de tr\u00e1nsito ocurrido la ma\u00f1ana de este lunes en el tramo carretero Maim\u00f3n\u2013Puerto Plata, cuando su veh\u00edculo fue impactado por una unidad perteneciente a la escolta presidencial. De acuerdo con los reportes preliminares, Silverio Rodr\u00edguez\u00a0\u00a0Nacionales, Accidente, Deultimominuto, ElPeri\u00f3dicodelaVerdad, herido, Puerto Plata, Rep\u00fablica Dominicana\u00a0\u00a0<\/p>\n","protected":false},"excerpt":{"rendered":"<p>Puerto Plata.\u2013 El joven Ariel Silverio Rodr\u00edguez contin\u00faa en estado delicado de salud luego de resultar herido en un accidente de tr\u00e1nsito ocurrido la ma\u00f1ana de este lunes en el tramo carretero Maim\u00f3n\u2013Puerto Plata, cuando su veh\u00edculo fue impactado por una unidad perteneciente a la escolta presidencial. De acuerdo con los reportes preliminares, Silverio Rodr\u00edguez [&hellip;]<\/p>\n","protected":false},"author":1,"featured_media":25530,"comment_status":"open","ping_status":"open","sticky":false,"template":"","format":"standard","meta":{"amp_status":"","footnotes":""},"categories":[3],"tags":[],"class_list":["post-25529","post","type-post","status-publish","format-standard","has-post-thumbnail","hentry","category-de-ultimo-minuto"],"_links":{"self":[{"href":"https:\/\/ermdigital.com\/index.php\/wp-json\/wp\/v2\/posts\/25529","targetHints":{"allow":["GET"]}}],"collection":[{"href":"https:\/\/ermdigital.com\/index.php\/wp-json\/wp\/v2\/posts"}],"about":[{"href":"https:\/\/ermdigital.com\/index.php\/wp-json\/wp\/v2\/types\/post"}],"author":[{"embeddable":true,"href":"https:\/\/ermdigital.com\/index.php\/wp-json\/wp\/v2\/users\/1"}],"replies":[{"embeddable":true,"href":"https:\/\/ermdigital.com\/index.php\/wp-json\/wp\/v2\/comments?post=25529"}],"version-history":[{"count":0,"href":"https:\/\/ermdigital.com\/index.php\/wp-json\/wp\/v2\/posts\/25529\/revisions"}],"wp:featuredmedia":[{"embeddable":true,"href":"https:\/\/ermdigital.com\/index.php\/wp-json\/wp\/v2\/media\/25530"}],"wp:attachment":[{"href":"https:\/\/ermdigital.com\/index.php\/wp-json\/wp\/v2\/media?parent=25529"}],"wp:term":[{"taxonomy":"category","embeddable":true,"href":"https:\/\/ermdigital.com\/index.php\/wp-json\/wp\/v2\/categories?post=25529"},{"taxonomy":"post_tag","embeddable":true,"href":"https:\/\/ermdigital.com\/index.php\/wp-json\/wp\/v2\/tags?post=25529"}],"curies":[{"name":"wp","href":"https:\/\/api.w.org\/{rel}","templated":true}]}}