{"id":25527,"date":"2026-04-28T11:49:47","date_gmt":"2026-04-28T15:49:47","guid":{"rendered":"https:\/\/ermdigital.com\/index.php\/2026\/04\/28\/clamor-por-justicia-familiares-y-amigos-de-licairis-diaz-valenzuela-protestan-por-crimen-en-mirador-sur\/"},"modified":"2026-04-28T11:49:47","modified_gmt":"2026-04-28T15:49:47","slug":"clamor-por-justicia-familiares-y-amigos-de-licairis-diaz-valenzuela-protestan-por-crimen-en-mirador-sur","status":"publish","type":"post","link":"https:\/\/ermdigital.com\/index.php\/2026\/04\/28\/clamor-por-justicia-familiares-y-amigos-de-licairis-diaz-valenzuela-protestan-por-crimen-en-mirador-sur\/","title":{"rendered":"Clamor por justicia: familiares y amigos de Licairis D\u00edaz Valenzuela protestan por crimen en Mirador Sur"},"content":{"rendered":"<p>Distrito Nacional.\u2013 En medio de escenas de dolor e indignaci\u00f3n, familiares, amigos y allegados de la joven Licairis Yalibes D\u00edaz Valenzuela se concentraron la ma\u00f1ana de este martes para exigir justicia por su muerte, ocurrida en el sector Mirador Sur.<\/p>\n<p>Los manifestantes reclamaron a las autoridades una investigaci\u00f3n transparente y la aplicaci\u00f3n de sanciones ejemplares contra el responsable del hecho, atribuido presuntamente al teniente coronel del Ej\u00e9rcito de la Rep\u00fablica Dominicana, Samuel El\u00edas C\u00e9spedes Valdez.<\/p>\n<p>Con pancartas y consignas, los presentes recordaron a Licairis Yalibes D\u00edaz Valenzuela como una joven trabajadora, solidaria y querida por quienes la conocieron. Su fallecimiento, afirmaron, ha dejado una profunda herida entre familiares, vecinos y amistades.<\/p>\n<figure class=\"wp-block-gallery has-nested-images columns-default is-cropped wp-block-gallery-1 is-layout-flex wp-block-gallery-is-layout-flex\">\n<figure class=\"wp-block-image size-large\"><img loading=\"lazy\" decoding=\"async\" width=\"1024\" height=\"768\" data-id=\"647194\" src=\"https:\/\/cdn.deultimominuto.net\/wp-content\/uploads\/2026\/04\/dd4dc53f-04bf-4e23-b057-74809e1e5353-1024x768.jpeg\" alt=\"Clamor por justicia: familiares y amigos de Licairis D\u00edaz Valenzuela protestan por crimen en Mirador Sur - Noticias de hoy en Rep\u00fablica Dominicana | De \u00daltimo Minuto\" class=\"wp-image-647194\" title=\"Clamor por justicia: familiares y amigos de Licairis D\u00edaz Valenzuela protestan por crimen en Mirador Sur | 1 |\"><\/figure>\n<figure class=\"wp-block-image size-large\"><img loading=\"lazy\" decoding=\"async\" width=\"1024\" height=\"768\" data-id=\"647195\" src=\"https:\/\/cdn.deultimominuto.net\/wp-content\/uploads\/2026\/04\/f5bbf160-8290-4648-b238-cb1ce7801733-1024x768.jpeg\" alt=\"Clamor por justicia: familiares y amigos de Licairis D\u00edaz Valenzuela protestan por crimen en Mirador Sur - Noticias de hoy en Rep\u00fablica Dominicana | De \u00daltimo Minuto\" class=\"wp-image-647195\" title=\"Clamor por justicia: familiares y amigos de Licairis D\u00edaz Valenzuela protestan por crimen en Mirador Sur | 2 |\"><\/figure>\n<figure class=\"wp-block-image size-large\"><img decoding=\"async\" loading=\"lazy\" width=\"1024\" height=\"768\" data-id=\"647196\" src=\"https:\/\/cdn.deultimominuto.net\/wp-content\/uploads\/2026\/04\/17b85496-94d8-4ada-9a1f-7d8de50d3f4d-1024x768.jpeg\" alt=\"Clamor por justicia: familiares y amigos de Licairis D\u00edaz Valenzuela protestan por crimen en Mirador Sur - Noticias de hoy en Rep\u00fablica Dominicana | De \u00daltimo Minuto\" class=\"wp-image-647196\" title=\"Clamor por justicia: familiares y amigos de Licairis D\u00edaz Valenzuela protestan por crimen en Mirador Sur | 3 |\"><\/figure>\n<\/figure>\n<p>Durante la jornada tambi\u00e9n denunciaron retrasos en el proceso judicial, luego de que no pudiera conocerse la nueva medida de coerci\u00f3n prevista para este martes, debido a que el Ministerio P\u00fablico volvi\u00f3 a depositar la acusaci\u00f3n formal. Ahora esperan que el tribunal establezca una nueva fecha para continuar el caso.<\/p>\n<p><strong>Te puede interesar: <a href=\"https:\/\/deultimominuto.net\/nacionales\/familia-asesinada-mirador-sur\/\">Familia de joven asesinada en el Mirador Sur pide justicia al cumplirse 3 meses del crimen<\/a><\/strong><\/p>\n<p>El crimen, registrado en enero de este a\u00f1o, gener\u00f3 gran conmoci\u00f3n en la opini\u00f3n p\u00fablica nacional y reaviv\u00f3 el debate sobre la violencia contra la mujer y la responsabilidad institucional.<\/p>\n<p>Bajo el lema \u201cEl silencio es c\u00f3mplice\u201d, los manifestantes exigieron respuestas r\u00e1pidas y advirtieron que continuar\u00e1n su lucha hasta que se haga justicia.<\/p>\n<p>\u200bDistrito Nacional.\u2013 En medio de escenas de dolor e indignaci\u00f3n, familiares, amigos y allegados de la joven Licairis Yalibes D\u00edaz Valenzuela se concentraron la ma\u00f1ana de este martes para exigir justicia por su muerte, ocurrida en el sector Mirador Sur. Los manifestantes reclamaron a las autoridades una investigaci\u00f3n transparente y la aplicaci\u00f3n de sanciones ejemplares\u00a0\u00a0Nacionales, Deultimominuto, ElPeri\u00f3dicodelaVerdad, Justicia, Rep\u00fablica Dominicana\u00a0\u00a0<\/p>\n","protected":false},"excerpt":{"rendered":"<p>Distrito Nacional.\u2013 En medio de escenas de dolor e indignaci\u00f3n, familiares, amigos y allegados de la joven Licairis Yalibes D\u00edaz Valenzuela se concentraron la ma\u00f1ana de este martes para exigir justicia por su muerte, ocurrida en el sector Mirador Sur. Los manifestantes reclamaron a las autoridades una investigaci\u00f3n transparente y la aplicaci\u00f3n de sanciones ejemplares [&hellip;]<\/p>\n","protected":false},"author":1,"featured_media":25528,"comment_status":"open","ping_status":"open","sticky":false,"template":"","format":"standard","meta":{"amp_status":"","footnotes":""},"categories":[3],"tags":[],"class_list":["post-25527","post","type-post","status-publish","format-standard","has-post-thumbnail","hentry","category-de-ultimo-minuto"],"_links":{"self":[{"href":"https:\/\/ermdigital.com\/index.php\/wp-json\/wp\/v2\/posts\/25527","targetHints":{"allow":["GET"]}}],"collection":[{"href":"https:\/\/ermdigital.com\/index.php\/wp-json\/wp\/v2\/posts"}],"about":[{"href":"https:\/\/ermdigital.com\/index.php\/wp-json\/wp\/v2\/types\/post"}],"author":[{"embeddable":true,"href":"https:\/\/ermdigital.com\/index.php\/wp-json\/wp\/v2\/users\/1"}],"replies":[{"embeddable":true,"href":"https:\/\/ermdigital.com\/index.php\/wp-json\/wp\/v2\/comments?post=25527"}],"version-history":[{"count":0,"href":"https:\/\/ermdigital.com\/index.php\/wp-json\/wp\/v2\/posts\/25527\/revisions"}],"wp:featuredmedia":[{"embeddable":true,"href":"https:\/\/ermdigital.com\/index.php\/wp-json\/wp\/v2\/media\/25528"}],"wp:attachment":[{"href":"https:\/\/ermdigital.com\/index.php\/wp-json\/wp\/v2\/media?parent=25527"}],"wp:term":[{"taxonomy":"category","embeddable":true,"href":"https:\/\/ermdigital.com\/index.php\/wp-json\/wp\/v2\/categories?post=25527"},{"taxonomy":"post_tag","embeddable":true,"href":"https:\/\/ermdigital.com\/index.php\/wp-json\/wp\/v2\/tags?post=25527"}],"curies":[{"name":"wp","href":"https:\/\/api.w.org\/{rel}","templated":true}]}}