{"id":25525,"date":"2026-04-28T12:02:40","date_gmt":"2026-04-28T16:02:40","guid":{"rendered":"https:\/\/ermdigital.com\/index.php\/2026\/04\/28\/personas-con-discapacidad-visual-protestan-frente-al-palacio-nacional-por-reapertura-del-cecapci\/"},"modified":"2026-04-28T12:02:40","modified_gmt":"2026-04-28T16:02:40","slug":"personas-con-discapacidad-visual-protestan-frente-al-palacio-nacional-por-reapertura-del-cecapci","status":"publish","type":"post","link":"https:\/\/ermdigital.com\/index.php\/2026\/04\/28\/personas-con-discapacidad-visual-protestan-frente-al-palacio-nacional-por-reapertura-del-cecapci\/","title":{"rendered":"Personas con discapacidad visual protestan frente al Palacio Nacional por reapertura del CECAPCI"},"content":{"rendered":"<p><strong><em>Santo Domingo.\u2013 <\/em><\/strong>Personas con discapacidad visual, estudiantes y padres de ni\u00f1os con Trastorno del Espectro Autista (TEA) iniciaron este martes una protesta pac\u00edfica por tiempo indefinido frente al Palacio Nacional, en demanda de una soluci\u00f3n concreta que permita la reapertura del<strong><em> Centro de Capacitaci\u00f3n para Ciegos<\/em><\/strong> (<a href=\"http:\/\/cecapci.org\/\" target=\"_blank\" rel=\"noopener\">CECAPCI<\/a>), el cual lleva cuatro meses sin operar con normalidad.<\/p>\n<p>Los manifestantes, acompa\u00f1ados de familiares y miembros de la comunidad, denunciaron que, pese a m\u00faltiples reuniones con las autoridades, el proceso ha estado marcado por dilaciones y promesas verbales sin resultados tangibles. Aseguran que la propuesta m\u00e1s reciente presentada por el Gobierno resulta \u201cinaceptable e inviable\u201d.<\/p>\n<h3 class=\"wp-block-heading\"><strong>Leer m\u00e1s: <a href=\"https:\/\/deultimominuto.net\/estilo\/promueven-un-enfoque-de-vida-independiente-para-las-personas-con-discapacidad\/\" data-type=\"post\" data-id=\"609057\">Promueven un enfoque de vida independiente para las personas con discapacidad<\/a><\/strong><\/h3>\n<p>Seg\u00fan explicaron, la iniciativa oficial contempla cubrir el pago del local durante un a\u00f1o y, a partir de 2027, trasladar el financiamiento desde el Consejo Nacional de Discapacidad (CONADIS) hacia el Ministerio de Educaci\u00f3n, con un aumento presupuestario destinado al alquiler del centro.<\/p>\n<p>Sin embargo, advierten que esta propuesta no garantiza estabilidad, ya que depende de decisiones futuras sujetas a cambios administrativos y a la aprobaci\u00f3n de varias instituciones, como la Direcci\u00f3n General de Presupuesto, el Centro Nacional de Fomento y Promoci\u00f3n de las Asociaciones Sin Fines de Lucro y el Congreso Nacional.<\/p>\n<p>Adem\u00e1s, se\u00f1alaron que la Ley 122-05 limita a un 20 % el uso de fondos para gastos administrativos, lo que dificultar\u00eda cubrir el costo real del alquiler, especialmente ante los incrementos anuales de la renta.<\/p>\n<p>\u201cLa prioridad siempre ha sido la inclusi\u00f3n y la estabilidad de los servicios que reciben estas familias. No se trata de vender sue\u00f1os con propuestas a largo plazo\u201d, expresaron los protestantes.<\/p>\n<p>El CECAPCI cerr\u00f3 de manera urgente debido al grave deterioro estructural del local donde operaba, el cual representaba un riesgo para estudiantes, docentes y personal administrativo. Durante a\u00f1os, el espacio fue sostenido con aportes personales de sus fundadores.<\/p>\n<p>La directora del centro, Ana Garc\u00eda, inform\u00f3 que el pasado 13 de marzo sostuvo un encuentro con el ministro de Educaci\u00f3n, quien mostr\u00f3 disposici\u00f3n de colaborar. No obstante, afirm\u00f3 que el proceso ha sido lento y que a\u00fan no existe una soluci\u00f3n formal que garantice la continuidad del servicio.<\/p>\n<p>\u201cLa propuesta presentada no resuelve el problema de fondo ni asegura la estabilidad futura del centro\u201d, sostuvo Garc\u00eda.<\/p>\n<p>Los organizadores reiteraron que la protesta no tiene car\u00e1cter pol\u00edtico, sino que responde a la necesidad urgente de restablecer los servicios del centro, que beneficia a cientos de familias en Santiago y toda la regi\u00f3n del Cibao.<\/p>\n<p>La jornada inici\u00f3 con un grupo de 20 manifestantes y se desarrollar\u00e1 de manera escalonada, con relevos semanales, bajo cualquier condici\u00f3n clim\u00e1tica, hasta obtener una respuesta concreta por parte de las autoridades.<\/p>\n<p>\u200bSanto Domingo.\u2013 Personas con discapacidad visual, estudiantes y padres de ni\u00f1os con Trastorno del Espectro Autista (TEA) iniciaron este martes una protesta pac\u00edfica por tiempo indefinido frente al Palacio Nacional, en demanda de una soluci\u00f3n concreta que permita la reapertura del Centro de Capacitaci\u00f3n para Ciegos (CECAPCI), el cual lleva cuatro meses sin operar con\u00a0\u00a0Nacionales, Cecapci, Deultimominuto, Discapacitados, ElPeri\u00f3dicodelaVerdad, Palacio Nacional, protesta, Rep\u00fablica Dominicana\u00a0\u00a0<\/p>\n","protected":false},"excerpt":{"rendered":"<p>Santo Domingo.\u2013 Personas con discapacidad visual, estudiantes y padres de ni\u00f1os con Trastorno del Espectro Autista (TEA) iniciaron este martes una protesta pac\u00edfica por tiempo indefinido frente al Palacio Nacional, en demanda de una soluci\u00f3n concreta que permita la reapertura del Centro de Capacitaci\u00f3n para Ciegos (CECAPCI), el cual lleva cuatro meses sin operar con [&hellip;]<\/p>\n","protected":false},"author":1,"featured_media":25526,"comment_status":"open","ping_status":"open","sticky":false,"template":"","format":"standard","meta":{"amp_status":"","footnotes":""},"categories":[3],"tags":[],"class_list":["post-25525","post","type-post","status-publish","format-standard","has-post-thumbnail","hentry","category-de-ultimo-minuto"],"_links":{"self":[{"href":"https:\/\/ermdigital.com\/index.php\/wp-json\/wp\/v2\/posts\/25525","targetHints":{"allow":["GET"]}}],"collection":[{"href":"https:\/\/ermdigital.com\/index.php\/wp-json\/wp\/v2\/posts"}],"about":[{"href":"https:\/\/ermdigital.com\/index.php\/wp-json\/wp\/v2\/types\/post"}],"author":[{"embeddable":true,"href":"https:\/\/ermdigital.com\/index.php\/wp-json\/wp\/v2\/users\/1"}],"replies":[{"embeddable":true,"href":"https:\/\/ermdigital.com\/index.php\/wp-json\/wp\/v2\/comments?post=25525"}],"version-history":[{"count":0,"href":"https:\/\/ermdigital.com\/index.php\/wp-json\/wp\/v2\/posts\/25525\/revisions"}],"wp:featuredmedia":[{"embeddable":true,"href":"https:\/\/ermdigital.com\/index.php\/wp-json\/wp\/v2\/media\/25526"}],"wp:attachment":[{"href":"https:\/\/ermdigital.com\/index.php\/wp-json\/wp\/v2\/media?parent=25525"}],"wp:term":[{"taxonomy":"category","embeddable":true,"href":"https:\/\/ermdigital.com\/index.php\/wp-json\/wp\/v2\/categories?post=25525"},{"taxonomy":"post_tag","embeddable":true,"href":"https:\/\/ermdigital.com\/index.php\/wp-json\/wp\/v2\/tags?post=25525"}],"curies":[{"name":"wp","href":"https:\/\/api.w.org\/{rel}","templated":true}]}}