{"id":25523,"date":"2026-04-28T12:07:54","date_gmt":"2026-04-28T16:07:54","guid":{"rendered":"https:\/\/ermdigital.com\/index.php\/2026\/04\/28\/residentes-de-la-avenida-ecologica-protestan-frente-al-palacio-nacional-contra-desalojos\/"},"modified":"2026-04-28T12:07:54","modified_gmt":"2026-04-28T16:07:54","slug":"residentes-de-la-avenida-ecologica-protestan-frente-al-palacio-nacional-contra-desalojos","status":"publish","type":"post","link":"https:\/\/ermdigital.com\/index.php\/2026\/04\/28\/residentes-de-la-avenida-ecologica-protestan-frente-al-palacio-nacional-contra-desalojos\/","title":{"rendered":"Residentes de la avenida Ecol\u00f3gica protestan frente al Palacio Nacional contra desalojos"},"content":{"rendered":"<p><strong><em>Santo Domingo.\u2013 <\/em><\/strong>Residentes de la avenida Ecol\u00f3gica se manifestaron la ma\u00f1ana de este martes frente al Palacio Nacional en rechazo a los desalojos que, seg\u00fan denunciaron, se est\u00e1n ejecutando en esa zona de <strong><em>Santo Domingo Este.<\/em><\/strong><\/p>\n<p>Con t\u00edtulos de propiedad en mano, los manifestantes exigieron la intervenci\u00f3n del presidente <a href=\"https:\/\/deultimominuto.net\/nacionales\/presidente-luis-abinader-visitara\/\" data-type=\"post\" data-id=\"618284\">Luis Abinader<\/a>, a quien solicitaron detener los operativos y evaluar su situaci\u00f3n, alegando que podr\u00edan quedar desamparados pese a contar con documentaci\u00f3n legal de sus terrenos.<\/p>\n<h3 class=\"wp-block-heading\"><strong>Leer m\u00e1s: <a href=\"https:\/\/deultimominuto.net\/nacionales\/personas-con-discapacidad-visual-protestan-frente-al-palacio-nacional-por-reapertura-del-cecapci\/\" data-type=\"post\" data-id=\"647192\">Personas con discapacidad visual protestan frente al Palacio Nacional por reapertura del CECAPCI<\/a><\/strong><\/h3>\n<p>Durante la protesta, los comunitarios tambi\u00e9n arremetieron contra el alcalde de Santo Domingo Este, Dio Astacio, a quien acusaron de actuar de manera injusta en su contra y de no ofrecer alternativas viables ante los desalojos.<\/p>\n<p>\u201cLe pedimos al presidente que se apiade de nosotros, que vea nuestros documentos y detenga esto antes de que m\u00e1s familias queden en la calle\u201d, expresaron algunos de los afectados.<\/p>\n<p>Los denunciantes aseguran que los desalojos se est\u00e1n realizando sin un proceso claro de di\u00e1logo ni soluciones habitacionales, lo que ha generado incertidumbre entre decenas de familias que residen en la zona.<\/p>\n<p>Hasta el momento, las autoridades no han ofrecido una respuesta oficial sobre las denuncias ni sobre la continuidad de los operativos en la avenida Ecol\u00f3gica.<\/p>\n<p>\u200bSanto Domingo.\u2013 Residentes de la avenida Ecol\u00f3gica se manifestaron la ma\u00f1ana de este martes frente al Palacio Nacional en rechazo a los desalojos que, seg\u00fan denunciaron, se est\u00e1n ejecutando en esa zona de Santo Domingo Este. Con t\u00edtulos de propiedad en mano, los manifestantes exigieron la intervenci\u00f3n del presidente Luis Abinader, a quien solicitaron detener\u00a0\u00a0Nacionales, desalojo, Deultimominuto, ElPeri\u00f3dicodelaVerdad, Palacio Nacional, Rep\u00fablica Dominicana, Residentes\u00a0\u00a0<\/p>\n","protected":false},"excerpt":{"rendered":"<p>Santo Domingo.\u2013 Residentes de la avenida Ecol\u00f3gica se manifestaron la ma\u00f1ana de este martes frente al Palacio Nacional en rechazo a los desalojos que, seg\u00fan denunciaron, se est\u00e1n ejecutando en esa zona de Santo Domingo Este. Con t\u00edtulos de propiedad en mano, los manifestantes exigieron la intervenci\u00f3n del presidente Luis Abinader, a quien solicitaron detener [&hellip;]<\/p>\n","protected":false},"author":1,"featured_media":25524,"comment_status":"open","ping_status":"open","sticky":false,"template":"","format":"standard","meta":{"amp_status":"","footnotes":""},"categories":[3],"tags":[],"class_list":["post-25523","post","type-post","status-publish","format-standard","has-post-thumbnail","hentry","category-de-ultimo-minuto"],"_links":{"self":[{"href":"https:\/\/ermdigital.com\/index.php\/wp-json\/wp\/v2\/posts\/25523","targetHints":{"allow":["GET"]}}],"collection":[{"href":"https:\/\/ermdigital.com\/index.php\/wp-json\/wp\/v2\/posts"}],"about":[{"href":"https:\/\/ermdigital.com\/index.php\/wp-json\/wp\/v2\/types\/post"}],"author":[{"embeddable":true,"href":"https:\/\/ermdigital.com\/index.php\/wp-json\/wp\/v2\/users\/1"}],"replies":[{"embeddable":true,"href":"https:\/\/ermdigital.com\/index.php\/wp-json\/wp\/v2\/comments?post=25523"}],"version-history":[{"count":0,"href":"https:\/\/ermdigital.com\/index.php\/wp-json\/wp\/v2\/posts\/25523\/revisions"}],"wp:featuredmedia":[{"embeddable":true,"href":"https:\/\/ermdigital.com\/index.php\/wp-json\/wp\/v2\/media\/25524"}],"wp:attachment":[{"href":"https:\/\/ermdigital.com\/index.php\/wp-json\/wp\/v2\/media?parent=25523"}],"wp:term":[{"taxonomy":"category","embeddable":true,"href":"https:\/\/ermdigital.com\/index.php\/wp-json\/wp\/v2\/categories?post=25523"},{"taxonomy":"post_tag","embeddable":true,"href":"https:\/\/ermdigital.com\/index.php\/wp-json\/wp\/v2\/tags?post=25523"}],"curies":[{"name":"wp","href":"https:\/\/api.w.org\/{rel}","templated":true}]}}