{"id":25521,"date":"2026-04-28T12:12:25","date_gmt":"2026-04-28T16:12:25","guid":{"rendered":"https:\/\/ermdigital.com\/index.php\/2026\/04\/28\/pareja-que-perdio-sus-piernas-en-accidente-clama-por-ayuda-y-denuncia-indiferencia-de-autoridades\/"},"modified":"2026-04-28T12:12:25","modified_gmt":"2026-04-28T16:12:25","slug":"pareja-que-perdio-sus-piernas-en-accidente-clama-por-ayuda-y-denuncia-indiferencia-de-autoridades","status":"publish","type":"post","link":"https:\/\/ermdigital.com\/index.php\/2026\/04\/28\/pareja-que-perdio-sus-piernas-en-accidente-clama-por-ayuda-y-denuncia-indiferencia-de-autoridades\/","title":{"rendered":"Pareja que perdi\u00f3 sus piernas en accidente clama por ayuda y denuncia indiferencia de autoridades"},"content":{"rendered":"<p><strong>SANTO DOMINGO<\/strong> \u2013 Lo que deb\u00eda ser un viaje de rutina para cumplir con responsabilidades laborales se convirti\u00f3 en una tragedia que ha cambiado para siempre las vidas de <strong>Nayari Gil y Carlos Daniel Jer\u00f3nimo<\/strong>. Esta joven pareja, que lleva tres a\u00f1os de relaci\u00f3n y tiene tres hijos en com\u00fan, denunci\u00f3 p\u00fablicamente haber sido v\u00edctimas de un atropello y abandono en la carretera tras un accidente, sufriendo lesiones tan graves que ambos enfrentaron la <strong>amputaci\u00f3n de sus piernas<\/strong>.<\/p>\n<p>El hecho ocurri\u00f3 el pasado Viernes Santo, antes de las seis de la ma\u00f1ana, en el tramo carretero entre La Guan\u00e1bana y Los Toros, en Azua, al sur del pa\u00eds. Seg\u00fan el testimonio de Nayari, mientras se desplazaban en su motocicleta hacia Santo Domingo, un veh\u00edculo blanco intent\u00f3 rebasar a un cami\u00f3n gris invadiendo su carril.<\/p>\n<blockquote class=\"wp-block-quote is-layout-flow wp-block-quote-is-layout-flow\">\n<p> <strong>\u201cLa persona simplemente nos tir\u00f3 el veh\u00edculo encima&#8230; \u00e9l se sali\u00f3 de su carril para la v\u00eda de nosotros y fue cuando nos impact\u00f3\u201d<\/strong>, relat\u00f3 la joven.<\/p>\n<\/blockquote>\n<p>Tras el impacto, el conductor emprendi\u00f3 la huida, dejando a la pareja desangr\u00e1ndose en el pavimento durante m\u00e1s de dos horas antes de que llegara el auxilio m\u00e9dico. Nayari destaca que salv\u00f3 su vida gracias a un oficial de polic\u00eda que se detuvo y utiliz\u00f3 los cordones de sus botas para improvisar un torniquete. <strong>\u201cSi no, yo no la estuviese contando a sinceridad porque fueron muchas horas con esa herida as\u00ed abierta\u201d<\/strong>, afirm\u00f3 conmovida.<\/p>\n<p><strong>LEER TAMBI\u00c9N: <a href=\"https:\/\/deultimominuto.net\/nacionales\/padres-de-trillizas-piden-ayuda\/\" data-type=\"post\" data-id=\"479059\">Padres de trillizas en Yamas\u00e1 claman ayuda para cubrir gastos b\u00e1sicos<\/a><\/strong><\/p>\n<h2 class=\"wp-block-heading\"><strong>Una investigaci\u00f3n obstaculizada<\/strong><\/h2>\n<p>A pesar de contar con videos y el apoyo de un fiscalizador, la b\u00fasqueda de justicia se ha visto truncada por la falta de cooperaci\u00f3n de terceros. La pareja se\u00f1ala directamente a la cooperativa <strong><a href=\"https:\/\/coopfeproca.com\/\" target=\"_blank\" rel=\"noopener\">Coopfeproca<\/a><\/strong>, ubicada en Azua, por negarse a entregar los fragmentos de video que captaron el accidente en el horario correcto.<\/p>\n<p><strong>\u201cYo no entiendo por qu\u00e9 raz\u00f3n est\u00e1n ocultando informaci\u00f3n\u201d<\/strong>, cuestion\u00f3 Nayari, explicando que, aunque existe una orden, la instituci\u00f3n entreg\u00f3 grabaciones de un horario en el que el veh\u00edculo sospechoso a\u00fan no hab\u00eda pasado por el lugar. Ante esta situaci\u00f3n, el equipo de comunicaci\u00f3n que acompa\u00f1a la denuncia advirti\u00f3 que al no facilitar las im\u00e1genes para identificar la placa del responsable, la instituci\u00f3n podr\u00eda considerarse c\u00f3mplice del delito.<\/p>\n<figure class=\"wp-block-embed is-type-video is-provider-youtube wp-block-embed-youtube wp-embed-aspect-16-9 wp-has-aspect-ratio\">\n<div class=\"wp-block-embed__wrapper\">\n<div class=\"youtube-embed\" data-video_id=\"DiTjj6CKm08\"><\/div>\n<\/div>\n<\/figure>\n<h3 class=\"wp-block-heading\"><strong>Petici\u00f3n de auxilio a la sociedad y al Gobierno tras accidente<\/strong><\/h3>\n<p>La realidad de Nayari y Carlos Daniel ha dado un giro dr\u00e1stico; ella era vendedora de desayunos y \u00e9l trabajaba como liniero y chofer, oficios que hoy no pueden desempe\u00f1ar debido a su condici\u00f3n f\u00edsica. <\/p>\n<p><strong>\u201cPara pararme en la cama necesito ayuda. Si quiero un vaso de agua tengo que pedirlo&#8230; eso me estresa m\u00e1s todav\u00eda\u201d<\/strong>, expres\u00f3 Nayari sobre su nueva dependencia.<\/p>\n<p>Ante esta tragedia, el equipo de <a href=\"https:\/\/www.youtube.com\/@estonoesradio2242\" target=\"_blank\" rel=\"noopener\"><strong>Esto No es Radio <\/strong><\/a>hace un llamado urgente a la solidaridad de los dominicanos, a las autoridades y a figuras como la Primera Dama para que no permitan que este caso quede en el olvido. Se solicita apoyo para:<\/p>\n<ul class=\"wp-block-list\">\n<li><strong>Tratamiento m\u00e9dico y rehabilitaci\u00f3n:<\/strong> Cobertura de medicamentos, pomadas y pr\u00f3tesis que les permitan recuperar su movilidad.<\/li>\n<li><strong>Apoyo emocional:<\/strong> Ayuda psicol\u00f3gica para afrontar el trauma del accidente.<\/li>\n<li><strong>Adecuaci\u00f3n del hogar:<\/strong> Reformas necesarias para que puedan desplazarse en su vivienda, ya que actualmente su entorno no es apto para personas con discapacidad.<\/li>\n<li><strong>Reincorporaci\u00f3n laboral:<\/strong> Un llamado a la empresa EDEESTE para que capacite y reubique a Carlos Daniel en un \u00e1rea administrativa o de servicio al cliente donde pueda trabajar sentado.<\/li>\n<\/ul>\n<p>Se ha puesto a disposici\u00f3n de los interesados una cuenta de ahorros para recibir donaciones, y se publicar\u00e1 la informaci\u00f3n detallada en las redes sociales del programa para facilitar la colaboraci\u00f3n de quienes deseen \"casarse con la gloria\" ayudando a esta joven familia a reconstruir su futuro.<\/p>\n<p>\u200bSANTO DOMINGO \u2013 Lo que deb\u00eda ser un viaje de rutina para cumplir con responsabilidades laborales se convirti\u00f3 en una tragedia que ha cambiado para siempre las vidas de Nayari Gil y Carlos Daniel Jer\u00f3nimo. Esta joven pareja, que lleva tres a\u00f1os de relaci\u00f3n y tiene tres hijos en com\u00fan, denunci\u00f3 p\u00fablicamente haber sido v\u00edctimas\u00a0\u00a0Nacionales, Accidente de tr\u00e1nsito, Esto no es Radio Show\u00a0\u00a0<\/p>\n","protected":false},"excerpt":{"rendered":"<p>SANTO DOMINGO \u2013 Lo que deb\u00eda ser un viaje de rutina para cumplir con responsabilidades laborales se convirti\u00f3 en una tragedia que ha cambiado para siempre las vidas de Nayari Gil y Carlos Daniel Jer\u00f3nimo. Esta joven pareja, que lleva tres a\u00f1os de relaci\u00f3n y tiene tres hijos en com\u00fan, denunci\u00f3 p\u00fablicamente haber sido v\u00edctimas [&hellip;]<\/p>\n","protected":false},"author":1,"featured_media":25522,"comment_status":"open","ping_status":"open","sticky":false,"template":"","format":"standard","meta":{"amp_status":"","footnotes":""},"categories":[3],"tags":[],"class_list":["post-25521","post","type-post","status-publish","format-standard","has-post-thumbnail","hentry","category-de-ultimo-minuto"],"_links":{"self":[{"href":"https:\/\/ermdigital.com\/index.php\/wp-json\/wp\/v2\/posts\/25521","targetHints":{"allow":["GET"]}}],"collection":[{"href":"https:\/\/ermdigital.com\/index.php\/wp-json\/wp\/v2\/posts"}],"about":[{"href":"https:\/\/ermdigital.com\/index.php\/wp-json\/wp\/v2\/types\/post"}],"author":[{"embeddable":true,"href":"https:\/\/ermdigital.com\/index.php\/wp-json\/wp\/v2\/users\/1"}],"replies":[{"embeddable":true,"href":"https:\/\/ermdigital.com\/index.php\/wp-json\/wp\/v2\/comments?post=25521"}],"version-history":[{"count":0,"href":"https:\/\/ermdigital.com\/index.php\/wp-json\/wp\/v2\/posts\/25521\/revisions"}],"wp:featuredmedia":[{"embeddable":true,"href":"https:\/\/ermdigital.com\/index.php\/wp-json\/wp\/v2\/media\/25522"}],"wp:attachment":[{"href":"https:\/\/ermdigital.com\/index.php\/wp-json\/wp\/v2\/media?parent=25521"}],"wp:term":[{"taxonomy":"category","embeddable":true,"href":"https:\/\/ermdigital.com\/index.php\/wp-json\/wp\/v2\/categories?post=25521"},{"taxonomy":"post_tag","embeddable":true,"href":"https:\/\/ermdigital.com\/index.php\/wp-json\/wp\/v2\/tags?post=25521"}],"curies":[{"name":"wp","href":"https:\/\/api.w.org\/{rel}","templated":true}]}}