{"id":25512,"date":"2026-04-27T16:15:12","date_gmt":"2026-04-27T20:15:12","guid":{"rendered":"https:\/\/ermdigital.com\/index.php\/2026\/04\/27\/republica-dominicana-impulsa-el-turismo-wellness-con-expansion-en-todo-el-pais\/"},"modified":"2026-04-27T16:15:12","modified_gmt":"2026-04-27T20:15:12","slug":"republica-dominicana-impulsa-el-turismo-wellness-con-expansion-en-todo-el-pais","status":"publish","type":"post","link":"https:\/\/ermdigital.com\/index.php\/2026\/04\/27\/republica-dominicana-impulsa-el-turismo-wellness-con-expansion-en-todo-el-pais\/","title":{"rendered":"Rep\u00fablica Dominicana impulsa el turismo wellness con expansi\u00f3n en todo el pa\u00eds"},"content":{"rendered":"<p>\u200b<\/p>\n<p class=\"relacionadosSingle\">Temas relacionados: <b><a href=\"https:\/\/www.arecoa.com\/tag\/cabarete\/\" rel=\"tag\">Cabarete<\/a>, <a href=\"https:\/\/www.arecoa.com\/tag\/canada\/\" rel=\"tag\">Canad\u00e1<\/a>, <a href=\"https:\/\/www.arecoa.com\/tag\/date-2026\/\" rel=\"tag\">DATE 2026<\/a>, <a href=\"https:\/\/www.arecoa.com\/tag\/estados-unidos\/\" rel=\"tag\">Estados Unidos<\/a>, <a href=\"https:\/\/www.arecoa.com\/tag\/flavio-acuna\/\" rel=\"tag\">Flavio Acu\u00f1a<\/a>, <a href=\"https:\/\/www.arecoa.com\/tag\/jarabacoa\/\" rel=\"tag\">Jarabacoa<\/a>, <a href=\"https:\/\/www.arecoa.com\/tag\/miches\/\" rel=\"tag\">Miches<\/a>, <a href=\"https:\/\/www.arecoa.com\/tag\/punta-cana\/\" rel=\"tag\">Punta Cana<\/a>, <a href=\"https:\/\/www.arecoa.com\/tag\/salto-de-jimenoa\/\" rel=\"tag\">Salto de Jimenoa<\/a>, <a href=\"https:\/\/www.arecoa.com\/tag\/sosua\/\" rel=\"tag\">Sos\u00faa<\/a><\/b><\/p>\n<p><small>27 abril, 2026<\/small><a href=\"https:\/\/www.arecoa.com\/destinos\/2026\/04\/27\/republica-dominicana-impulsa-el-turismo-wellness-con-expansion-en-todo-el-pais\/#respond\"><br \/>\n    <img decoding=\"async\" src=\"https:\/\/www.arecoa.com\/wp-content\/themes\/arecoa\/images\/comment.png\" alt=\"image\" style=\"text-align: absmiddle\" \/> Deja un comentario\t\t<\/a><\/p>\n<div class=\"post content\">\n<p>La industria tur\u00edstica dominicana ha iniciado una transici\u00f3n profunda: de ser el para\u00edso del \u00abtodo incluido\u00bb a convertirse en un referente del turismo de bienestar o wellness. En el marco del <strong>DATE 2026<\/strong>, celebrado en <strong>Punta Cana<\/strong>, expertos internacionales se\u00f1alaron que el pa\u00eds ya no solo compite con sus playas, sino con una infraestructura que abarca los cuatro puntos cardinales, uniendo el lujo de la costa con la serenidad de la monta\u00f1a.<\/p>\n<p><a href=\"https:\/\/www.arecoa.com\/wp-content\/uploads\/2026\/04\/wellness-DATE-2026.jpg\"><img loading=\"lazy\" decoding=\"async\" class=\"alignleft  wp-image-215487\" src=\"https:\/\/www.arecoa.com\/wp-content\/uploads\/2026\/04\/wellness-DATE-2026.jpg\" alt=\"\" width=\"448\" height=\"303\" \/><\/a>Proyectos de alto nivel se est\u00e1n gestando simult\u00e1neamente en zonas tan diversas como <strong>Miches, Jarabacoa<\/strong> y <strong>Sos\u00faa-Cabarete<\/strong>. Esta expansi\u00f3n responde a un cambio en el perfil del viajero moderno, quien, tras el ritmo fren\u00e9tico de las metr\u00f3polis, busca experiencias de conexi\u00f3n con la naturaleza.<\/p>\n<p>En ese sentido, <strong>Flavio Acu\u00f1a<\/strong>, l\u00edder del sector a nivel latinoamericano, subray\u00f3 que el pa\u00eds tiene una ventaja competitiva envidiable frente a mercados como <strong>Estados Unidos<\/strong> <strong>y Canad\u00e1<\/strong> debido a su biodiversidad, permitiendo realizar desde yoga frente al <strong>Salto de Jimenoa<\/strong> hasta meditaci\u00f3n en el litoral caribe\u00f1o.<\/p>\n<p>El mercado del bienestar no es un nicho menor; mueve cerca de 2 mil millones de d\u00f3lares anualmente y la apuesta dominicana se dirige con especial \u00e9nfasis hacia el segmento de la longevidad.<\/p>\n<p>Con casi el 20% de la poblaci\u00f3n mundial superando los 60 a\u00f1os, la oferta local se est\u00e1 redise\u00f1ando para ofrecer programas de alimentaci\u00f3n consciente, t\u00e9cnicas de respiraci\u00f3n y actividad f\u00edsica que prometen mejorar la calidad de vida de los visitantes.<\/p>\n<\/div>\n<hr class=\"noCss\" \/>\u00a0<\/p>\n","protected":false},"excerpt":{"rendered":"<p>\u200b Temas relacionados: Cabarete, Canad\u00e1, DATE 2026, Estados Unidos, Flavio Acu\u00f1a, Jarabacoa, Miches, Punta Cana, Salto de Jimenoa, Sos\u00faa 27 abril, 2026 Deja un comentario La industria tur\u00edstica dominicana ha iniciado una transici\u00f3n profunda: de ser el para\u00edso del \u00abtodo incluido\u00bb a convertirse en un referente del turismo de bienestar o wellness. En el marco [&hellip;]<\/p>\n","protected":false},"author":1,"featured_media":25353,"comment_status":"open","ping_status":"open","sticky":false,"template":"","format":"standard","meta":{"amp_status":"","footnotes":""},"categories":[10],"tags":[],"class_list":["post-25512","post","type-post","status-publish","format-standard","has-post-thumbnail","hentry","category-food-travel"],"_links":{"self":[{"href":"https:\/\/ermdigital.com\/index.php\/wp-json\/wp\/v2\/posts\/25512","targetHints":{"allow":["GET"]}}],"collection":[{"href":"https:\/\/ermdigital.com\/index.php\/wp-json\/wp\/v2\/posts"}],"about":[{"href":"https:\/\/ermdigital.com\/index.php\/wp-json\/wp\/v2\/types\/post"}],"author":[{"embeddable":true,"href":"https:\/\/ermdigital.com\/index.php\/wp-json\/wp\/v2\/users\/1"}],"replies":[{"embeddable":true,"href":"https:\/\/ermdigital.com\/index.php\/wp-json\/wp\/v2\/comments?post=25512"}],"version-history":[{"count":0,"href":"https:\/\/ermdigital.com\/index.php\/wp-json\/wp\/v2\/posts\/25512\/revisions"}],"wp:featuredmedia":[{"embeddable":true,"href":"https:\/\/ermdigital.com\/index.php\/wp-json\/wp\/v2\/media\/25353"}],"wp:attachment":[{"href":"https:\/\/ermdigital.com\/index.php\/wp-json\/wp\/v2\/media?parent=25512"}],"wp:term":[{"taxonomy":"category","embeddable":true,"href":"https:\/\/ermdigital.com\/index.php\/wp-json\/wp\/v2\/categories?post=25512"},{"taxonomy":"post_tag","embeddable":true,"href":"https:\/\/ermdigital.com\/index.php\/wp-json\/wp\/v2\/tags?post=25512"}],"curies":[{"name":"wp","href":"https:\/\/api.w.org\/{rel}","templated":true}]}}