{"id":25491,"date":"2026-04-28T11:51:04","date_gmt":"2026-04-28T15:51:04","guid":{"rendered":"https:\/\/ermdigital.com\/index.php\/2026\/04\/28\/se-cumplen-11-dias-de-la-muerte-del-chofer-deivy-abreu-y-el-presunto-autor-sigue-profugo\/"},"modified":"2026-04-28T11:51:04","modified_gmt":"2026-04-28T15:51:04","slug":"se-cumplen-11-dias-de-la-muerte-del-chofer-deivy-abreu-y-el-presunto-autor-sigue-profugo","status":"publish","type":"post","link":"https:\/\/ermdigital.com\/index.php\/2026\/04\/28\/se-cumplen-11-dias-de-la-muerte-del-chofer-deivy-abreu-y-el-presunto-autor-sigue-profugo\/","title":{"rendered":"Se cumplen 11 d\u00edas de la muerte del chofer Deivy Abreu y el presunto autor sigue pr\u00f3fugo\u00a0"},"content":{"rendered":"<p>&lt;![CDATA[<\/p>\n<p>A 11 d\u00edas de la muerte del chofer de cami\u00f3n recolector de basura, Deivy Carlos Abreu Quezada, las autoridades informaron que a\u00fan no ha sido capturado el principal se\u00f1alado por el hecho.<\/p>\n<p><a href=\"https:\/\/listindiario.com\/la-republica\/20260428\/aun-sigue-profugo-motorista-senalado-autor-muerte-chofer-santiago_903588.html\">wf_cms.rss.read_more<\/a><\/p>\n<p>]]&gt;<\/p>\n<p>\u200bPor este caso, siete personas fueron arrestadas y enviadas a tres meses de prisi\u00f3n preventiva, acusadas de participar en la agresi\u00f3n.\u00a0\u00a0La Rep\u00fablica\u00a0<\/p>\n","protected":false},"excerpt":{"rendered":"<p>&lt;![CDATA[ A 11 d\u00edas de la muerte del chofer de cami\u00f3n recolector de basura, Deivy Carlos Abreu Quezada, las autoridades informaron que a\u00fan no ha sido capturado el principal se\u00f1alado por el hecho. wf_cms.rss.read_more ]]&gt; \u200bPor este caso, siete personas fueron arrestadas y enviadas a tres meses de prisi\u00f3n preventiva, acusadas de participar en la [&hellip;]<\/p>\n","protected":false},"author":1,"featured_media":25492,"comment_status":"open","ping_status":"open","sticky":false,"template":"","format":"standard","meta":{"amp_status":"","footnotes":""},"categories":[5],"tags":[],"class_list":["post-25491","post","type-post","status-publish","format-standard","has-post-thumbnail","hentry","category-politica"],"_links":{"self":[{"href":"https:\/\/ermdigital.com\/index.php\/wp-json\/wp\/v2\/posts\/25491","targetHints":{"allow":["GET"]}}],"collection":[{"href":"https:\/\/ermdigital.com\/index.php\/wp-json\/wp\/v2\/posts"}],"about":[{"href":"https:\/\/ermdigital.com\/index.php\/wp-json\/wp\/v2\/types\/post"}],"author":[{"embeddable":true,"href":"https:\/\/ermdigital.com\/index.php\/wp-json\/wp\/v2\/users\/1"}],"replies":[{"embeddable":true,"href":"https:\/\/ermdigital.com\/index.php\/wp-json\/wp\/v2\/comments?post=25491"}],"version-history":[{"count":0,"href":"https:\/\/ermdigital.com\/index.php\/wp-json\/wp\/v2\/posts\/25491\/revisions"}],"wp:featuredmedia":[{"embeddable":true,"href":"https:\/\/ermdigital.com\/index.php\/wp-json\/wp\/v2\/media\/25492"}],"wp:attachment":[{"href":"https:\/\/ermdigital.com\/index.php\/wp-json\/wp\/v2\/media?parent=25491"}],"wp:term":[{"taxonomy":"category","embeddable":true,"href":"https:\/\/ermdigital.com\/index.php\/wp-json\/wp\/v2\/categories?post=25491"},{"taxonomy":"post_tag","embeddable":true,"href":"https:\/\/ermdigital.com\/index.php\/wp-json\/wp\/v2\/tags?post=25491"}],"curies":[{"name":"wp","href":"https:\/\/api.w.org\/{rel}","templated":true}]}}