{"id":25489,"date":"2026-04-28T12:02:21","date_gmt":"2026-04-28T16:02:21","guid":{"rendered":"https:\/\/ermdigital.com\/index.php\/2026\/04\/28\/movimiento-justicia-jet-set-anuncia-vigilia-en-el-palacio-de-justicia-de-ciudad-nueva\/"},"modified":"2026-04-28T12:02:21","modified_gmt":"2026-04-28T16:02:21","slug":"movimiento-justicia-jet-set-anuncia-vigilia-en-el-palacio-de-justicia-de-ciudad-nueva","status":"publish","type":"post","link":"https:\/\/ermdigital.com\/index.php\/2026\/04\/28\/movimiento-justicia-jet-set-anuncia-vigilia-en-el-palacio-de-justicia-de-ciudad-nueva\/","title":{"rendered":"Movimiento Justicia Jet Set anuncia vigilia en el Palacio de Justicia de Ciudad Nueva\u00a0"},"content":{"rendered":"<p>&lt;![CDATA[<\/p>\n<p>El Movimiento Justicia <a href=\"https:\/\/listindiario.com\/la-republica\/20260428\/gregory-adames-victimas-jet-set_903522.html\" title=\"Gregory Adames fue escuchado en el tribunal como v\u00edctima y no como testigo por caso Jet Set\"><b>Jet Set<\/b> <\/a>anunci\u00f3 a trav\u00e9s de sus redes sociales la convocatoria para realizar una vigilia en las inmediaciones del Palacio de Justicia de Ciudad Nueva.<\/p>\n<p><a href=\"https:\/\/listindiario.com\/la-republica\/ciudad\/20260428\/movimiento-justicia-jet-set-anuncia-vigilia-palacio-justicia-ciudad-nueva_903589.html\">wf_cms.rss.read_more<\/a><\/p>\n<p>]]&gt;<\/p>\n<p>\u200bEl evento se llevar\u00e1 a cabo el jueves 30 de abril a partir de las 7:00 de la noche, tendr\u00e1 como nombre luz y esperanza y rendir\u00e1 homenaje a las 236 personas fallecidas en el infortunio del 8 de abril de 2025\u00a0\u00a0Ciudad\u00a0<\/p>\n","protected":false},"excerpt":{"rendered":"<p>&lt;![CDATA[ El Movimiento Justicia Jet Set anunci\u00f3 a trav\u00e9s de sus redes sociales la convocatoria para realizar una vigilia en las inmediaciones del Palacio de Justicia de Ciudad Nueva. wf_cms.rss.read_more ]]&gt; \u200bEl evento se llevar\u00e1 a cabo el jueves 30 de abril a partir de las 7:00 de la noche, tendr\u00e1 como nombre luz y [&hellip;]<\/p>\n","protected":false},"author":1,"featured_media":25490,"comment_status":"open","ping_status":"open","sticky":false,"template":"","format":"standard","meta":{"amp_status":"","footnotes":""},"categories":[5],"tags":[],"class_list":["post-25489","post","type-post","status-publish","format-standard","has-post-thumbnail","hentry","category-politica"],"_links":{"self":[{"href":"https:\/\/ermdigital.com\/index.php\/wp-json\/wp\/v2\/posts\/25489","targetHints":{"allow":["GET"]}}],"collection":[{"href":"https:\/\/ermdigital.com\/index.php\/wp-json\/wp\/v2\/posts"}],"about":[{"href":"https:\/\/ermdigital.com\/index.php\/wp-json\/wp\/v2\/types\/post"}],"author":[{"embeddable":true,"href":"https:\/\/ermdigital.com\/index.php\/wp-json\/wp\/v2\/users\/1"}],"replies":[{"embeddable":true,"href":"https:\/\/ermdigital.com\/index.php\/wp-json\/wp\/v2\/comments?post=25489"}],"version-history":[{"count":0,"href":"https:\/\/ermdigital.com\/index.php\/wp-json\/wp\/v2\/posts\/25489\/revisions"}],"wp:featuredmedia":[{"embeddable":true,"href":"https:\/\/ermdigital.com\/index.php\/wp-json\/wp\/v2\/media\/25490"}],"wp:attachment":[{"href":"https:\/\/ermdigital.com\/index.php\/wp-json\/wp\/v2\/media?parent=25489"}],"wp:term":[{"taxonomy":"category","embeddable":true,"href":"https:\/\/ermdigital.com\/index.php\/wp-json\/wp\/v2\/categories?post=25489"},{"taxonomy":"post_tag","embeddable":true,"href":"https:\/\/ermdigital.com\/index.php\/wp-json\/wp\/v2\/tags?post=25489"}],"curies":[{"name":"wp","href":"https:\/\/api.w.org\/{rel}","templated":true}]}}