{"id":25479,"date":"2026-04-28T10:50:30","date_gmt":"2026-04-28T14:50:30","guid":{"rendered":"https:\/\/ermdigital.com\/index.php\/2026\/04\/28\/jorge-ramos-es-muy-complicado-hacer-periodismo-en-espanol-bajo-la-gestion-de-trump\/"},"modified":"2026-04-28T10:50:30","modified_gmt":"2026-04-28T14:50:30","slug":"jorge-ramos-es-muy-complicado-hacer-periodismo-en-espanol-bajo-la-gestion-de-trump","status":"publish","type":"post","link":"https:\/\/ermdigital.com\/index.php\/2026\/04\/28\/jorge-ramos-es-muy-complicado-hacer-periodismo-en-espanol-bajo-la-gestion-de-trump\/","title":{"rendered":"Jorge Ramos: \"es muy complicado\" hacer periodismo en espa\u00f1ol bajo la gesti\u00f3n de Trump"},"content":{"rendered":"<p><strong>Miami (EE.UU.).- <\/strong>El <strong>presentador <a href=\"https:\/\/www.youtube.com\/channel\/UCN5tcDI7z6vN9s3p3n_JtoQ\" data-type=\"link\" data-id=\"https:\/\/www.youtube.com\/channel\/UCN5tcDI7z6vN9s3p3n_JtoQ\" target=\"_blank\" rel=\"noopener\">Jorge Ramos<\/a><\/strong> considera <strong>\"muy complicado\"<\/strong> hacer periodismo en espa\u00f1ol en EE.UU. en la segunda presidencia de Donald Trump, pero dice que es necesario hablar \"con precisi\u00f3n\" de la \"crueldad\" que padecen los migrantes, lo que ha conseguido en su primer a\u00f1o como comunicador independiente.<\/p>\n<h2 class=\"wp-block-heading\">\"Es muy complicado, pero yo creo que es nuestra responsabilidad el reportar con precisi\u00f3n la crueldad con la que muchos inmigrantes est\u00e1n siendo tratados aqu\u00ed, y esa es precisamente una de las razones por las que decid\u00ed no retirarme\", declar\u00f3 Ramos en una entrevista con EFE sobre la experiencia de ser un periodista latino.<\/h2>\n<p>La productora independiente que fund\u00f3 el comunicador mexicano, Tres Alebrijes, recibi\u00f3 dos nominaciones a los Emmy de Noticias y Documentales 2026: el de la categor\u00eda 'Mejor programa de noticias en espa\u00f1ol' por su emisi\u00f3n 'Jorge Ramos: as\u00ed veo las cosas', mientras \u00e9l qued\u00f3 nominado como 'Mejor periodista en espa\u00f1ol'.<\/p>\n<p>Ramos apunt\u00f3 que \"podr\u00eda haber dejado la televisi\u00f3n, los medios de comunicaci\u00f3n y el periodismo\" tras haber liderado durante casi 40 a\u00f1os los noticieros de Univision, el mayor canal en espa\u00f1ol de Estados Unidos, pero le pareci\u00f3 \"muy importante tener la responsabilidad de reportar exactamente lo que est\u00e1 ocurriendo\".<\/p>\n<p>Incluso, atribuy\u00f3 parte del \u00e9xito de su programa, que alcanz\u00f3 m\u00e1s de 101 millones de vistas en marzo en sus canales de YouTube, Instagram, Facebook y TikTok, a que la \"gente sabe que se va a enterar exactamente de la manera en que el presidente Donald Trump y su Gobierno est\u00e1n tratando a los inmigrantes\".<\/p>\n<p>\"Hay que decir la verdad sobre lo que est\u00e1 ocurriendo, hay que decir la verdad sobre la crueldad y el maltrato que est\u00e1n recibiendo los inmigrantes y hay que seguirle dando voz a otros que no tienen voz, y esa es parte de mi responsabilidad tambi\u00e9n como periodista\", sostuvo el comunicador, tambi\u00e9n con ciudadan\u00eda estadounidense.<\/p>\n<h2 class=\"wp-block-heading\"><strong>Una \"migraci\u00f3n de credibilidad\"<\/strong><\/h2>\n<p>Ramos pas\u00f3 de ser el rostro m\u00e1s visible del periodismo televisivo en Estados Unidos a estrenar, en junio de 2025, su programa digital 'As\u00ed veo las cosas', que registr\u00f3 4,85 millones de usuarios \u00fanicos en marzo pasado.<\/p>\n<h2 class=\"wp-block-heading\">El comunicador, quien ahora se describe como \"un youtuber, un podcaster y un tiktoker\", se\u00f1al\u00f3 que hay una \"migraci\u00f3n de credibilidad\", en la que el p\u00fablico est\u00e1 trasladando su confianza de los medios tradicionales a los periodistas con sus propios canales digitales.<\/h2>\n<p>\"La principal diferencia es absoluta libertad editorial. Nosotros somos responsables y yo soy responsable de cada una de las palabras que pronuncio y saco al aire. Eso por una parte, por la otra, puedo reaccionar much\u00edsimo m\u00e1s r\u00e1pido a cualquier noticia que est\u00e9 ocurriendo y no tengo que esperar a un noticiero\", expuso.<\/p>\n<p><strong>Te puede interesar: <\/strong><a href=\"https:\/\/deultimominuto.net\/entretenimiento\/jorge-ramos-se-despide-de-televisaunivision-tras-40-anos-frente-a-las-camaras\/\" data-type=\"link\" data-id=\"https:\/\/deultimominuto.net\/entretenimiento\/jorge-ramos-se-despide-de-televisaunivision-tras-40-anos-frente-a-las-camaras\/\">Jorge Ramos se despide de Univision tras casi 40 a\u00f1os frente a las c\u00e1maras<\/a><\/p>\n<p>Aunque piensa que estos nuevos formatos han rebasado a los medios tradicionales, reconoci\u00f3 que persisten retos, en particular \"poderlo monetizar\", es decir, que \"esto se convierta en un modelo de negocio sustentable\", sobre todo para periodistas emergentes.<\/p>\n<p>Tambi\u00e9n, expres\u00f3 que la <strong>inteligencia artificial (IA)<\/strong> no le \"asusta\", pues sirve como herramienta para atraer audiencias y para investigaciones, pero hay que \"utilizarla responsablemente\".<\/p>\n<h2 class=\"wp-block-heading\"><strong>El poder de la audiencia hispana en EE.UU.<\/strong><\/h2>\n<p>Casi dos de cada tres latinos en EE.UU.,<strong> el 65 %, prefieren obtener sus noticias de medios digitales<\/strong>, por encima de otros grupos \u00e9tnicos, como los blancos (55 %) y los afroestadounidenses (50 %), seg\u00fan un informe del Pew Research Center que cit\u00f3 Ramos.<\/p>\n<p>Por ello, el periodista consider\u00f3 que las visualizaciones de su programa muestran el poder de las audiencias hispanas en Estados Unidos, donde el producto interior bruto (PIB) de los latinos asciende a 4,1 billones de d\u00f3lares (&#8217;trillion', en ingl\u00e9s), seg\u00fan un reporte de Latino Donor Collaborative.<\/p>\n<p>\"Podemos competir absolutamente con cualquier cadena, con cualquier corporaci\u00f3n, por una parte. Por otra parte, hay un cambio clar\u00edsimo en la manera en que estamos escuchando las noticias\", observ\u00f3.<\/p>\n<p>\u200bMiami (EE.UU.).- El presentador Jorge Ramos considera \"muy complicado\" hacer periodismo en espa\u00f1ol en EE.UU. en la segunda presidencia de Donald Trump, pero dice que es necesario hablar \"con precisi\u00f3n\" de la \"crueldad\" que padecen los migrantes, lo que ha conseguido en su primer a\u00f1o como comunicador independiente. \"Es muy complicado, pero yo creo que\u00a0\u00a0Entretenimiento, Donald Trump, Gesti\u00f3n, Jorge Ramos, Periodismo\u00a0\u00a0<\/p>\n","protected":false},"excerpt":{"rendered":"<p>Miami (EE.UU.).- El presentador Jorge Ramos considera \"muy complicado\" hacer periodismo en espa\u00f1ol en EE.UU. en la segunda presidencia de Donald Trump, pero dice que es necesario hablar \"con precisi\u00f3n\" de la \"crueldad\" que padecen los migrantes, lo que ha conseguido en su primer a\u00f1o como comunicador independiente. \"Es muy complicado, pero yo creo que [&hellip;]<\/p>\n","protected":false},"author":1,"featured_media":25480,"comment_status":"open","ping_status":"open","sticky":false,"template":"","format":"standard","meta":{"amp_status":"","footnotes":""},"categories":[3],"tags":[],"class_list":["post-25479","post","type-post","status-publish","format-standard","has-post-thumbnail","hentry","category-de-ultimo-minuto"],"_links":{"self":[{"href":"https:\/\/ermdigital.com\/index.php\/wp-json\/wp\/v2\/posts\/25479","targetHints":{"allow":["GET"]}}],"collection":[{"href":"https:\/\/ermdigital.com\/index.php\/wp-json\/wp\/v2\/posts"}],"about":[{"href":"https:\/\/ermdigital.com\/index.php\/wp-json\/wp\/v2\/types\/post"}],"author":[{"embeddable":true,"href":"https:\/\/ermdigital.com\/index.php\/wp-json\/wp\/v2\/users\/1"}],"replies":[{"embeddable":true,"href":"https:\/\/ermdigital.com\/index.php\/wp-json\/wp\/v2\/comments?post=25479"}],"version-history":[{"count":0,"href":"https:\/\/ermdigital.com\/index.php\/wp-json\/wp\/v2\/posts\/25479\/revisions"}],"wp:featuredmedia":[{"embeddable":true,"href":"https:\/\/ermdigital.com\/index.php\/wp-json\/wp\/v2\/media\/25480"}],"wp:attachment":[{"href":"https:\/\/ermdigital.com\/index.php\/wp-json\/wp\/v2\/media?parent=25479"}],"wp:term":[{"taxonomy":"category","embeddable":true,"href":"https:\/\/ermdigital.com\/index.php\/wp-json\/wp\/v2\/categories?post=25479"},{"taxonomy":"post_tag","embeddable":true,"href":"https:\/\/ermdigital.com\/index.php\/wp-json\/wp\/v2\/tags?post=25479"}],"curies":[{"name":"wp","href":"https:\/\/api.w.org\/{rel}","templated":true}]}}