{"id":25473,"date":"2026-04-28T11:08:13","date_gmt":"2026-04-28T15:08:13","guid":{"rendered":"https:\/\/ermdigital.com\/index.php\/2026\/04\/28\/familia-de-joven-asesinada-en-el-mirador-sur-pide-justicia-al-cumplirse-3-meses-del-crimen\/"},"modified":"2026-04-28T11:08:13","modified_gmt":"2026-04-28T15:08:13","slug":"familia-de-joven-asesinada-en-el-mirador-sur-pide-justicia-al-cumplirse-3-meses-del-crimen","status":"publish","type":"post","link":"https:\/\/ermdigital.com\/index.php\/2026\/04\/28\/familia-de-joven-asesinada-en-el-mirador-sur-pide-justicia-al-cumplirse-3-meses-del-crimen\/","title":{"rendered":"Familia de joven asesinada en el Mirador Sur pide justicia al cumplirse 3 meses del crimen"},"content":{"rendered":"<p><strong>Santo Domingo.\u2013 <\/strong>Con pancartas en mano y consignas de justicia, familiares de la joven <strong><a href=\"https:\/\/www.youtube.com\/watch?v=PnRUP9_YO1Q\" data-type=\"link\" data-id=\"https:\/\/www.youtube.com\/watch?v=PnRUP9_YO1Q\" target=\"_blank\" rel=\"noopener\">Licairis Yalibes D\u00edaz Valenzuela<\/a><\/strong>, asesinada en el Mirador Sur, acudieron este martes al Palacio de Justicia del Distrito Nacional, al cumplirse tres meses de su muerte, presuntamente a manos de su pareja, un teniente coronel del Ej\u00e9rcito.<\/p>\n<p>La manifestaci\u00f3n coincidi\u00f3 con la fecha en que deb\u00eda conocerse la revisi\u00f3n obligatoria de la medida de coerci\u00f3n impuesta contra el imputado, Samuel El\u00edas C\u00e9spedes Valdez, acusado del hecho ocurrido en el parque Mirador Sur el pasado 25 de enero.<\/p>\n<p>Sin embargo, el proceso tom\u00f3 un giro luego de que el Ministerio P\u00fablico depositara formal acusaci\u00f3n este mismo d\u00eda, lo que dej\u00f3 sin efecto la audiencia de revisi\u00f3n de la prisi\u00f3n preventiva.<\/p>\n<p>El <strong>abogado de la familia, Hansel Mart\u00ednez<\/strong>, explic\u00f3 que, aunque exist\u00eda preocupaci\u00f3n por la tardanza en la presentaci\u00f3n del expediente acusatorio, la Fiscal\u00eda cumpli\u00f3 dentro del plazo establecido.<\/p>\n<h2 class=\"wp-block-heading\">\u201cHoy se cumpl\u00edan los tres meses y se iba a conocer la <strong>revisi\u00f3n obligatoria<\/strong>, pero se dej\u00f3 sin efecto porque la Fiscal\u00eda deposit\u00f3 acusaci\u00f3n esta ma\u00f1ana. Hay que ser justos, lo hicieron justo al vencimiento del plazo\u201d, expres\u00f3.<\/h2>\n<p>Mart\u00ednez indic\u00f3 que ahora corresponde a la coordinaci\u00f3n de los juzgados apoderar un tribunal que deber\u00e1 convocar a las partes para la audiencia preliminar, donde se determinar\u00e1 si existen pruebas suficientes para enviar el caso a juicio de fondo.<\/p>\n<p>Asimismo, destac\u00f3 que <strong>el Ministerio P\u00fablico ha acusado formalmente al imputado de homicidio voluntario<\/strong>, descartando la versi\u00f3n de la defensa, que sostiene que se trat\u00f3 de un hecho accidental o un supuesto suicidio.<\/p>\n<p><strong>Te puede interesar: <\/strong><a href=\"https:\/\/deultimominuto.net\/nacionales\/justicia-por-mujer-en-mirador-sur\/\" data-type=\"link\" data-id=\"https:\/\/deultimominuto.net\/nacionales\/justicia-por-mujer-en-mirador-sur\/\">Familiares y comunitarios en Azua exigen justicia por la muerte de mujer ultimada en el Mirador Sur<\/a><\/p>\n<blockquote class=\"wp-block-quote is-layout-flow wp-block-quote-is-layout-flow\">\n<p>\u201cLa Fiscal\u00eda est\u00e1 en contra de esa tesis y por tanto lo acusa de homicidio voluntario\u201d, afirm\u00f3 el jurista.<\/p>\n<\/blockquote>\n<p>Los familiares de la v\u00edctima <strong>insistieron en que continuar\u00e1n su lucha hasta que el caso sea llevado a juicio<\/strong> y se haga justicia por la muerte de la joven de 25 a\u00f1os.<\/p>\n<p>De acuerdo con el expediente, la autopsia practicada al cuerpo de D\u00edaz Valenzuela determin\u00f3 que la causa de muerte fue una herida por proyectil de arma de fuego con una trayectoria incompatible con un disparo accidental.<\/p>\n<p>Por este hecho, el imputado cumple tres meses de prisi\u00f3n preventiva en el Centro de Correcci\u00f3n y Rehabilitaci\u00f3n Las Parras, mientras avanza el proceso judicial.<\/p>\n<p>\u200bSanto Domingo.\u2013 Con pancartas en mano y consignas de justicia, familiares de la joven Licairis Yalibes D\u00edaz Valenzuela, asesinada en el Mirador Sur, acudieron este martes al Palacio de Justicia del Distrito Nacional, al cumplirse tres meses de su muerte, presuntamente a manos de su pareja, un teniente coronel del Ej\u00e9rcito. La manifestaci\u00f3n coincidi\u00f3 con\u00a0\u00a0Nacionales, familia, joven, Mirador Sur, Teniente coronel\u00a0\u00a0<\/p>\n","protected":false},"excerpt":{"rendered":"<p>Santo Domingo.\u2013 Con pancartas en mano y consignas de justicia, familiares de la joven Licairis Yalibes D\u00edaz Valenzuela, asesinada en el Mirador Sur, acudieron este martes al Palacio de Justicia del Distrito Nacional, al cumplirse tres meses de su muerte, presuntamente a manos de su pareja, un teniente coronel del Ej\u00e9rcito. La manifestaci\u00f3n coincidi\u00f3 con [&hellip;]<\/p>\n","protected":false},"author":1,"featured_media":25474,"comment_status":"open","ping_status":"open","sticky":false,"template":"","format":"standard","meta":{"amp_status":"","footnotes":""},"categories":[3],"tags":[],"class_list":["post-25473","post","type-post","status-publish","format-standard","has-post-thumbnail","hentry","category-de-ultimo-minuto"],"_links":{"self":[{"href":"https:\/\/ermdigital.com\/index.php\/wp-json\/wp\/v2\/posts\/25473","targetHints":{"allow":["GET"]}}],"collection":[{"href":"https:\/\/ermdigital.com\/index.php\/wp-json\/wp\/v2\/posts"}],"about":[{"href":"https:\/\/ermdigital.com\/index.php\/wp-json\/wp\/v2\/types\/post"}],"author":[{"embeddable":true,"href":"https:\/\/ermdigital.com\/index.php\/wp-json\/wp\/v2\/users\/1"}],"replies":[{"embeddable":true,"href":"https:\/\/ermdigital.com\/index.php\/wp-json\/wp\/v2\/comments?post=25473"}],"version-history":[{"count":0,"href":"https:\/\/ermdigital.com\/index.php\/wp-json\/wp\/v2\/posts\/25473\/revisions"}],"wp:featuredmedia":[{"embeddable":true,"href":"https:\/\/ermdigital.com\/index.php\/wp-json\/wp\/v2\/media\/25474"}],"wp:attachment":[{"href":"https:\/\/ermdigital.com\/index.php\/wp-json\/wp\/v2\/media?parent=25473"}],"wp:term":[{"taxonomy":"category","embeddable":true,"href":"https:\/\/ermdigital.com\/index.php\/wp-json\/wp\/v2\/categories?post=25473"},{"taxonomy":"post_tag","embeddable":true,"href":"https:\/\/ermdigital.com\/index.php\/wp-json\/wp\/v2\/tags?post=25473"}],"curies":[{"name":"wp","href":"https:\/\/api.w.org\/{rel}","templated":true}]}}