{"id":25471,"date":"2026-04-28T11:08:17","date_gmt":"2026-04-28T15:08:17","guid":{"rendered":"https:\/\/ermdigital.com\/index.php\/2026\/04\/28\/comerciantes-y-comunitarios-protestan-frente-al-palacio-nacional-por-presunto-desalojo-en-santo-domingo-este\/"},"modified":"2026-04-28T11:08:17","modified_gmt":"2026-04-28T15:08:17","slug":"comerciantes-y-comunitarios-protestan-frente-al-palacio-nacional-por-presunto-desalojo-en-santo-domingo-este","status":"publish","type":"post","link":"https:\/\/ermdigital.com\/index.php\/2026\/04\/28\/comerciantes-y-comunitarios-protestan-frente-al-palacio-nacional-por-presunto-desalojo-en-santo-domingo-este\/","title":{"rendered":"Comerciantes y comunitarios protestan frente al Palacio Nacional por presunto desalojo en Santo Domingo Este"},"content":{"rendered":"<p><strong>Santo Domingo, Distrito Nacional.<\/strong>\u2013 Miembros de la Asociaci\u00f3n de Comerciantes y residentes de la avenida Ecol\u00f3gica, en Santo Domingo Este, realizaron este martes una protesta pac\u00edfica en las inmediaciones del Palacio Nacional, en reclamo de la intervenci\u00f3n del presidente Luis Abinader ante una presunta amenaza de desalojo.<\/p>\n<p>Los manifestantes aseguran que la intenci\u00f3n de desalojo provendr\u00eda de la Alcald\u00eda de Santo Domingo Este, encabezada por Dio Astacio.<\/p>\n<p>Durante la actividad, el presidente de la Asociaci\u00f3n de Comerciantes y Moradores de la avenida Ecol\u00f3gica, Luis D\u00edaz Paniagua, afirm\u00f3 que lleva m\u00e1s de tres d\u00e9cadas residiendo en la zona y denunci\u00f3 supuestos atropellos y persecuci\u00f3n por parte de las autoridades municipales.<\/p>\n<p>Los participantes se concentraron portando pancartas con mensajes en defensa de sus derechos de propiedad, y solicitaron al mandatario frenar cualquier intento de desalojo. Seg\u00fan indicaron, poseen t\u00edtulos que respaldan la ocupaci\u00f3n de los terrenos.<\/p>\n<p>Entre las consignas exhibidas se le\u00edan frases como \u201cNo somos invisibles\u201d, \u201cNo nos saquen para beneficiar a otros\u201d y \u201cQueremos vivir en paz\u201d.<\/p>\n<p>Una comisi\u00f3n de representantes fue recibida por autoridades para tratar la situaci\u00f3n.<\/p>\n<p><strong><em>Te puede interesar: <a href=\"https:\/\/deultimominuto.net\/entretenimiento\/aldea-estudio-convoca-casting-para-pelicula-inspirada-en-el-caso-de-emely-peguero\/\">Aldea Estudio convoca casting para pel\u00edcula inspirada en el caso de Emely Peguero<\/a><\/em><\/strong><\/p>\n<p>Durante la protesta, se observ\u00f3 un amplio dispositivo de seguridad en los alrededores del Palacio Nacional, con presencia de agentes policiales y militares.<\/p>\n<h2 class=\"wp-block-heading\"><strong>Ajustes aplicados:<\/strong><\/h2>\n<ul class=\"wp-block-list\">\n<li>Correcci\u00f3n ortogr\u00e1fica (\u201cintension\u201d \u2192 \u201cintenci\u00f3n\u201d, \u201cfr\u201d \u2192 eliminado).<\/li>\n<li>Claridad en atribuciones (denuncias vs. hechos confirmados).<\/li>\n<li>Organizaci\u00f3n en pir\u00e1mide invertida.<\/li>\n<li>Depuraci\u00f3n de redundancias y mejora de sintaxis.<\/li>\n<li>Formalizaci\u00f3n del lenguaje manteniendo el contenido.<\/li>\n<\/ul>\n<p>Si quieres, puedo hacer \u00a0una versi\u00f3n m\u00e1s breve para redes o \u00a0un titular m\u00e1s impactante.<\/p>\n<p>\u200bSanto Domingo, Distrito Nacional.\u2013 Miembros de la Asociaci\u00f3n de Comerciantes y residentes de la avenida Ecol\u00f3gica, en Santo Domingo Este, realizaron este martes una protesta pac\u00edfica en las inmediaciones del Palacio Nacional, en reclamo de la intervenci\u00f3n del presidente Luis Abinader ante una presunta amenaza de desalojo. Los manifestantes aseguran que la intenci\u00f3n de desalojo\u00a0\u00a0Nacionales, Deultimominuto, ElPeri\u00f3dicodelaVerdad, protesta, Rep\u00fablica Dominicana\u00a0\u00a0<\/p>\n","protected":false},"excerpt":{"rendered":"<p>Santo Domingo, Distrito Nacional.\u2013 Miembros de la Asociaci\u00f3n de Comerciantes y residentes de la avenida Ecol\u00f3gica, en Santo Domingo Este, realizaron este martes una protesta pac\u00edfica en las inmediaciones del Palacio Nacional, en reclamo de la intervenci\u00f3n del presidente Luis Abinader ante una presunta amenaza de desalojo. Los manifestantes aseguran que la intenci\u00f3n de desalojo [&hellip;]<\/p>\n","protected":false},"author":1,"featured_media":25472,"comment_status":"open","ping_status":"open","sticky":false,"template":"","format":"standard","meta":{"amp_status":"","footnotes":""},"categories":[3],"tags":[],"class_list":["post-25471","post","type-post","status-publish","format-standard","has-post-thumbnail","hentry","category-de-ultimo-minuto"],"_links":{"self":[{"href":"https:\/\/ermdigital.com\/index.php\/wp-json\/wp\/v2\/posts\/25471","targetHints":{"allow":["GET"]}}],"collection":[{"href":"https:\/\/ermdigital.com\/index.php\/wp-json\/wp\/v2\/posts"}],"about":[{"href":"https:\/\/ermdigital.com\/index.php\/wp-json\/wp\/v2\/types\/post"}],"author":[{"embeddable":true,"href":"https:\/\/ermdigital.com\/index.php\/wp-json\/wp\/v2\/users\/1"}],"replies":[{"embeddable":true,"href":"https:\/\/ermdigital.com\/index.php\/wp-json\/wp\/v2\/comments?post=25471"}],"version-history":[{"count":0,"href":"https:\/\/ermdigital.com\/index.php\/wp-json\/wp\/v2\/posts\/25471\/revisions"}],"wp:featuredmedia":[{"embeddable":true,"href":"https:\/\/ermdigital.com\/index.php\/wp-json\/wp\/v2\/media\/25472"}],"wp:attachment":[{"href":"https:\/\/ermdigital.com\/index.php\/wp-json\/wp\/v2\/media?parent=25471"}],"wp:term":[{"taxonomy":"category","embeddable":true,"href":"https:\/\/ermdigital.com\/index.php\/wp-json\/wp\/v2\/categories?post=25471"},{"taxonomy":"post_tag","embeddable":true,"href":"https:\/\/ermdigital.com\/index.php\/wp-json\/wp\/v2\/tags?post=25471"}],"curies":[{"name":"wp","href":"https:\/\/api.w.org\/{rel}","templated":true}]}}