{"id":25465,"date":"2026-04-28T11:08:44","date_gmt":"2026-04-28T15:08:44","guid":{"rendered":"https:\/\/ermdigital.com\/index.php\/2026\/04\/28\/inafocam-e-itla-impulsan-la-evaluacion-educativa-con-acuerdo-tecnologico\/"},"modified":"2026-04-28T11:08:44","modified_gmt":"2026-04-28T15:08:44","slug":"inafocam-e-itla-impulsan-la-evaluacion-educativa-con-acuerdo-tecnologico","status":"publish","type":"post","link":"https:\/\/ermdigital.com\/index.php\/2026\/04\/28\/inafocam-e-itla-impulsan-la-evaluacion-educativa-con-acuerdo-tecnologico\/","title":{"rendered":"Inafocam e ITLA impulsan la evaluaci\u00f3n educativa con acuerdo tecnol\u00f3gico"},"content":{"rendered":"<p><span class=\"field field--name-title field--type-string field--label-hidden\">Inafocam e ITLA impulsan la evaluaci\u00f3n educativa con acuerdo tecnol\u00f3gico<\/span><br \/>\n<span class=\"field field--name-uid field--type-entity-reference field--label-hidden\"><span>yamellrossi<\/span><\/span><br \/>\n<span class=\"field field--name-created field--type-created field--label-hidden\"><time datetime=\"2026-04-28T11:08:44-04:00\" title=\"Martes, Abril 28, 2026 - 11:08\" class=\"datetime\">28 de  Abril 2026 | 11:08<\/time><br \/>\n<\/span><\/p>\n<div class=\"clearfix text-formatted field field--name-body field--type-text-with-summary field--label-hidden field__item\">\n<p dir=\"ltr\"><span>Santo Domingo.\u2013 El Instituto Nacional de Formaci\u00f3n y Capacitaci\u00f3n del Magisterio\u00a0<\/span><strong>(Inafocam)<\/strong><span> y el Instituto Tecnol\u00f3gico de las Am\u00e9ricas\u00a0<\/span><strong>(ITLA)<\/strong><span> suscribieron un\u00a0<\/span><strong>convenio<\/strong><span> espec\u00edfico de colaboraci\u00f3n con el prop\u00f3sito de fortalecer los procesos de\u00a0<\/span><strong>evaluaci\u00f3n, investigaci\u00f3n y gesti\u00f3n documental<\/strong><span>, a trav\u00e9s de la implementaci\u00f3n de\u00a0<\/span><strong>soluciones tecnol\u00f3gicas orientadas a la interoperabilidad institucional.<\/strong><\/p>\n<p dir=\"ltr\"><span>El acto de firma fue encabezado por el rector del ITLA,\u00a0<\/span><strong>Ing. Jimmy Rosario Bernard<\/strong><span>, y la directora ejecutiva de Inafocam,\u00a0<\/span><strong>Siullin Joa Le\u00f3n<\/strong><span>, quienes coincidieron en destacar la\u00a0<\/span><strong>relevancia<\/strong><span>\u00a0<\/span><strong>de esta alianza estrat\u00e9gica<\/strong><span> para la consolidaci\u00f3n de\u00a0<\/span><strong>capacidades institucionales<\/strong><span> y el fortalecimiento de la\u00a0<\/span><strong>gesti\u00f3n basada en evidencia.<\/strong><\/p>\n<p dir=\"ltr\"><em>\u201cEl ITLA reafirma su compromiso con el desarrollo de soluciones tecnol\u00f3gicas aplicadas al \u00e1mbito educativo, promoviendo la integraci\u00f3n de sistemas que contribuyan a una gesti\u00f3n m\u00e1s eficiente y a la toma de decisiones informadas\u201d,<\/em><span> expres\u00f3 el rector Rosario Bernard.<\/span><\/p>\n<p dir=\"ltr\"><span>De su lado, la directora ejecutiva de Inafocam se\u00f1al\u00f3 que<\/span><em> \u201ceste acuerdo representa un avance significativo en el fortalecimiento de los procesos de evaluaci\u00f3n e investigaci\u00f3n educativa, incorporando herramientas que permitir\u00e1n optimizar la gesti\u00f3n documental y la generaci\u00f3n de evidencia para la mejora continua del sistema educativo\u201d.<\/em><\/p>\n<p dir=\"ltr\"><span>Como parte del convenio, ambas instituciones incorporar\u00e1n el uso de la\u00a0<\/span><strong>plataforma UltiCabinet\u00ae<\/strong><span> en proyectos de evaluaci\u00f3n e investigaci\u00f3n educativa, con el prop\u00f3sito de fortalecer\u00a0<\/span><strong>la organizaci\u00f3n, el resguardo y la trazabilidad de la documentaci\u00f3n t\u00e9cnica generada\u00a0<\/strong><span>en el marco de las iniciativas conjuntas.<\/span><\/p>\n<p dir=\"ltr\"><span>El acuerdo contempla, adem\u00e1s, la implementaci\u00f3n de un componente t\u00e9cnico especializado que incluye la\u00a0<\/span><strong>habilitaci\u00f3n<\/strong><span> de la plataforma, la\u00a0<\/span><strong>capacitaci\u00f3n del personal<\/strong><span> del ITLA en su uso y su integraci\u00f3n a los\u00a0<\/span><strong>flujos documentales y repositorios digitales<\/strong><span> vinculados a procesos de evaluaci\u00f3n, monitoreo, investigaci\u00f3n y sistematizaci\u00f3n.<\/span><\/p>\n<p dir=\"ltr\"><span>Asimismo, se establece un esquema de\u00a0<\/span><strong>acompa\u00f1amiento t\u00e9cnico<\/strong><span> durante la fase de implementaci\u00f3n, junto con mecanismos de\u00a0<\/span><strong>seguimiento y evaluaci\u00f3n<\/strong><span> orientados a medir el impacto de la herramienta en la\u00a0<\/span><strong>producci\u00f3n de informes t\u00e9cnicos<\/strong><span> y en el fortalecimiento de las\u00a0<\/span><strong>pol\u00edticas p\u00fablicas educativas.<\/strong><\/p>\n<p dir=\"ltr\"><span>Entre los principales \u00e1mbitos de acci\u00f3n del convenio se destacan la formaci\u00f3n continua del personal en gesti\u00f3n documental y herramientas digitales, el acompa\u00f1amiento t\u00e9cnico especializado, el monitoreo y evaluaci\u00f3n de procesos y el\u00a0<\/span><strong>impulso de la transformaci\u00f3n digital institucional.<\/strong><\/p>\n<p><span>Mediante esta iniciativa, Inafocam y el ITLA reafirman su\u00a0<\/span><strong>compromiso<\/strong><span> con la innovaci\u00f3n, la modernizaci\u00f3n de la gesti\u00f3n p\u00fablica y el fortalecimiento del sistema educativo dominicano, en consonancia con las\u00a0<\/span><strong>prioridades nacionales de desarrollo<\/strong><span>.<\/span><\/p>\n<\/div>\n<div class=\"field field--name-field-image field--type-image field--label-hidden field__item\">  <img decoding=\"async\" loading=\"lazy\" src=\"https:\/\/www.presidencia.gob.do\/sites\/default\/files\/news\/2026-04\/01a30627-b427-4286-ad55-0c27642fcc57.jpg\" width=\"1920\" height=\"1279\" alt=\"Energia\"><\/p>\n<\/div>\n<p>\u00a0Inafocam e ITLA impulsan la evaluaci\u00f3n educativa con acuerdo tecnol\u00f3gico<br \/>\nyamellrossi<br \/>\n28 de  Abril 2026 | 11:08<\/p>\n<p>            Santo Domingo.\u2013 El Instituto Nacional de Formaci\u00f3n y Capacitaci\u00f3n del Magisterio\u00a0(Inafocam) y el Instituto Tecnol\u00f3gico de las Am\u00e9ricas\u00a0(ITLA) suscribieron un\u00a0convenio espec\u00edfico de colaboraci\u00f3n con el prop\u00f3sito de fortalecer los procesos de\u00a0evaluaci\u00f3n, investigaci\u00f3n y gesti\u00f3n documental, a trav\u00e9s de la implementaci\u00f3n de\u00a0soluciones tecnol\u00f3gicas orientadas a la interoperabilidad institucional.<br \/>\nEl acto de firma fue encabezado por el rector del ITLA,\u00a0Ing. Jimmy Rosario Bernard, y la directora ejecutiva de Inafocam,\u00a0Siullin Joa Le\u00f3n, quienes coincidieron en destacar la\u00a0relevancia\u00a0de esta alianza estrat\u00e9gica para la consolidaci\u00f3n de\u00a0capacidades institucionales y el fortalecimiento de la\u00a0gesti\u00f3n basada en evidencia.<br \/>\n\u201cEl ITLA reafirma su compromiso con el desarrollo de soluciones tecnol\u00f3gicas aplicadas al \u00e1mbito educativo, promoviendo la integraci\u00f3n de sistemas que contribuyan a una gesti\u00f3n m\u00e1s eficiente y a la toma de decisiones informadas\u201d, expres\u00f3 el rector Rosario Bernard.<br \/>\nDe su lado, la directora ejecutiva de Inafocam se\u00f1al\u00f3 que \u201ceste acuerdo representa un avance significativo en el fortalecimiento de los procesos de evaluaci\u00f3n e investigaci\u00f3n educativa, incorporando herramientas que permitir\u00e1n optimizar la gesti\u00f3n documental y la generaci\u00f3n de evidencia para la mejora continua del sistema educativo\u201d.<br \/>\nComo parte del convenio, ambas instituciones incorporar\u00e1n el uso de la\u00a0plataforma UltiCabinet\u00ae en proyectos de evaluaci\u00f3n e investigaci\u00f3n educativa, con el prop\u00f3sito de fortalecer\u00a0la organizaci\u00f3n, el resguardo y la trazabilidad de la documentaci\u00f3n t\u00e9cnica generada\u00a0en el marco de las iniciativas conjuntas.<br \/>\nEl acuerdo contempla, adem\u00e1s, la implementaci\u00f3n de un componente t\u00e9cnico especializado que incluye la\u00a0habilitaci\u00f3n de la plataforma, la\u00a0capacitaci\u00f3n del personal del ITLA en su uso y su integraci\u00f3n a los\u00a0flujos documentales y repositorios digitales vinculados a procesos de evaluaci\u00f3n, monitoreo, investigaci\u00f3n y sistematizaci\u00f3n.<br \/>\nAsimismo, se establece un esquema de\u00a0acompa\u00f1amiento t\u00e9cnico durante la fase de implementaci\u00f3n, junto con mecanismos de\u00a0seguimiento y evaluaci\u00f3n orientados a medir el impacto de la herramienta en la\u00a0producci\u00f3n de informes t\u00e9cnicos y en el fortalecimiento de las\u00a0pol\u00edticas p\u00fablicas educativas.<br \/>\nEntre los principales \u00e1mbitos de acci\u00f3n del convenio se destacan la formaci\u00f3n continua del personal en gesti\u00f3n documental y herramientas digitales, el acompa\u00f1amiento t\u00e9cnico especializado, el monitoreo y evaluaci\u00f3n de procesos y el\u00a0impulso de la transformaci\u00f3n digital institucional.<br \/>\nMediante esta iniciativa, Inafocam y el ITLA reafirman su\u00a0compromiso con la innovaci\u00f3n, la modernizaci\u00f3n de la gesti\u00f3n p\u00fablica y el fortalecimiento del sistema educativo dominicano, en consonancia con las\u00a0prioridades nacionales de desarrollo.\u00a0\u00a0\u00a0<\/p>\n","protected":false},"excerpt":{"rendered":"<p>Inafocam e ITLA impulsan la evaluaci\u00f3n educativa con acuerdo tecnol\u00f3gico yamellrossi 28 de Abril 2026 | 11:08 Santo Domingo.\u2013 El Instituto Nacional de Formaci\u00f3n y Capacitaci\u00f3n del Magisterio\u00a0(Inafocam) y el Instituto Tecnol\u00f3gico de las Am\u00e9ricas\u00a0(ITLA) suscribieron un\u00a0convenio espec\u00edfico de colaboraci\u00f3n con el prop\u00f3sito de fortalecer los procesos de\u00a0evaluaci\u00f3n, investigaci\u00f3n y gesti\u00f3n documental, a trav\u00e9s de [&hellip;]<\/p>\n","protected":false},"author":1,"featured_media":25466,"comment_status":"open","ping_status":"open","sticky":false,"template":"","format":"standard","meta":{"amp_status":"","footnotes":""},"categories":[8],"tags":[],"class_list":["post-25465","post","type-post","status-publish","format-standard","has-post-thumbnail","hentry","category-republica"],"_links":{"self":[{"href":"https:\/\/ermdigital.com\/index.php\/wp-json\/wp\/v2\/posts\/25465","targetHints":{"allow":["GET"]}}],"collection":[{"href":"https:\/\/ermdigital.com\/index.php\/wp-json\/wp\/v2\/posts"}],"about":[{"href":"https:\/\/ermdigital.com\/index.php\/wp-json\/wp\/v2\/types\/post"}],"author":[{"embeddable":true,"href":"https:\/\/ermdigital.com\/index.php\/wp-json\/wp\/v2\/users\/1"}],"replies":[{"embeddable":true,"href":"https:\/\/ermdigital.com\/index.php\/wp-json\/wp\/v2\/comments?post=25465"}],"version-history":[{"count":0,"href":"https:\/\/ermdigital.com\/index.php\/wp-json\/wp\/v2\/posts\/25465\/revisions"}],"wp:featuredmedia":[{"embeddable":true,"href":"https:\/\/ermdigital.com\/index.php\/wp-json\/wp\/v2\/media\/25466"}],"wp:attachment":[{"href":"https:\/\/ermdigital.com\/index.php\/wp-json\/wp\/v2\/media?parent=25465"}],"wp:term":[{"taxonomy":"category","embeddable":true,"href":"https:\/\/ermdigital.com\/index.php\/wp-json\/wp\/v2\/categories?post=25465"},{"taxonomy":"post_tag","embeddable":true,"href":"https:\/\/ermdigital.com\/index.php\/wp-json\/wp\/v2\/tags?post=25465"}],"curies":[{"name":"wp","href":"https:\/\/api.w.org\/{rel}","templated":true}]}}