{"id":25464,"date":"2026-04-28T10:17:50","date_gmt":"2026-04-28T14:17:50","guid":{"rendered":"https:\/\/ermdigital.com\/index.php\/2026\/04\/28\/shakira-lamenta-la-muerte-de-un-trabajador-en-el-montaje-de-su-concierto-en-rio-de-janeiro-2\/"},"modified":"2026-04-28T10:17:50","modified_gmt":"2026-04-28T14:17:50","slug":"shakira-lamenta-la-muerte-de-un-trabajador-en-el-montaje-de-su-concierto-en-rio-de-janeiro-2","status":"publish","type":"post","link":"https:\/\/ermdigital.com\/index.php\/2026\/04\/28\/shakira-lamenta-la-muerte-de-un-trabajador-en-el-montaje-de-su-concierto-en-rio-de-janeiro-2\/","title":{"rendered":"Shakira lamenta la muerte de un trabajador en el montaje de su concierto en R\u00edo de Janeiro"},"content":{"rendered":"<p>&lt;![CDATA[<\/p>\n<p><b>Shakira<\/b> lamenta la muerte de un trabajador de una empresa encargada del montaje del escenario del megaconcierto que ofrecer\u00e1 este s\u00e1bado en la playa de Copacabana, en <b>R\u00edo de Janeir<\/b>o, y que muri\u00f3 este domingo en un accidente laboral: \u00abMi coraz\u00f3n est\u00e1 con su familia y sus seres queridos\u00bb.<\/p>\n<p><a href=\"https:\/\/listindiario.com\/entretenimiento\/conciertos\/20260428\/shakira-lamenta-muerte-trabajador-montaje-concierto-rio-janeiro_903576.html\">wf_cms.rss.read_more<\/a><\/p>\n<p>]]&gt;<\/p>\n<p>\u200bLa v\u00edctima, un t\u00e9cnico de seguridad de 28 a\u00f1os, falleci\u00f3 por el impacto de \u00abuna estructura del montaje del escenario que se desplom\u00f3\u00bb, seg\u00fan se\u00f1al\u00f3 la Polic\u00eda Militar de R\u00edo ayer en una nota.\u00a0\u00a0Conciertos\u00a0<\/p>\n","protected":false},"excerpt":{"rendered":"<p>&lt;![CDATA[ Shakira lamenta la muerte de un trabajador de una empresa encargada del montaje del escenario del megaconcierto que ofrecer\u00e1 este s\u00e1bado en la playa de Copacabana, en R\u00edo de Janeiro, y que muri\u00f3 este domingo en un accidente laboral: \u00abMi coraz\u00f3n est\u00e1 con su familia y sus seres queridos\u00bb. wf_cms.rss.read_more ]]&gt; \u200bLa v\u00edctima, un [&hellip;]<\/p>\n","protected":false},"author":1,"featured_media":25451,"comment_status":"open","ping_status":"open","sticky":false,"template":"","format":"standard","meta":{"amp_status":"","footnotes":""},"categories":[9],"tags":[],"class_list":["post-25464","post","type-post","status-publish","format-standard","has-post-thumbnail","hentry","category-espectaculo"],"_links":{"self":[{"href":"https:\/\/ermdigital.com\/index.php\/wp-json\/wp\/v2\/posts\/25464","targetHints":{"allow":["GET"]}}],"collection":[{"href":"https:\/\/ermdigital.com\/index.php\/wp-json\/wp\/v2\/posts"}],"about":[{"href":"https:\/\/ermdigital.com\/index.php\/wp-json\/wp\/v2\/types\/post"}],"author":[{"embeddable":true,"href":"https:\/\/ermdigital.com\/index.php\/wp-json\/wp\/v2\/users\/1"}],"replies":[{"embeddable":true,"href":"https:\/\/ermdigital.com\/index.php\/wp-json\/wp\/v2\/comments?post=25464"}],"version-history":[{"count":0,"href":"https:\/\/ermdigital.com\/index.php\/wp-json\/wp\/v2\/posts\/25464\/revisions"}],"wp:featuredmedia":[{"embeddable":true,"href":"https:\/\/ermdigital.com\/index.php\/wp-json\/wp\/v2\/media\/25451"}],"wp:attachment":[{"href":"https:\/\/ermdigital.com\/index.php\/wp-json\/wp\/v2\/media?parent=25464"}],"wp:term":[{"taxonomy":"category","embeddable":true,"href":"https:\/\/ermdigital.com\/index.php\/wp-json\/wp\/v2\/categories?post=25464"},{"taxonomy":"post_tag","embeddable":true,"href":"https:\/\/ermdigital.com\/index.php\/wp-json\/wp\/v2\/tags?post=25464"}],"curies":[{"name":"wp","href":"https:\/\/api.w.org\/{rel}","templated":true}]}}