{"id":25462,"date":"2026-04-28T10:18:19","date_gmt":"2026-04-28T14:18:19","guid":{"rendered":"https:\/\/ermdigital.com\/index.php\/2026\/04\/28\/joven-acusado-de-planear-atentado-en-concierto-de-taylor-swift-se-declara-culpable-por-terrorismo\/"},"modified":"2026-04-28T10:18:19","modified_gmt":"2026-04-28T14:18:19","slug":"joven-acusado-de-planear-atentado-en-concierto-de-taylor-swift-se-declara-culpable-por-terrorismo","status":"publish","type":"post","link":"https:\/\/ermdigital.com\/index.php\/2026\/04\/28\/joven-acusado-de-planear-atentado-en-concierto-de-taylor-swift-se-declara-culpable-por-terrorismo\/","title":{"rendered":"Joven acusado de planear atentado en concierto de Taylor Swift se declara culpable por terrorismo"},"content":{"rendered":"<p>&lt;![CDATA[<\/p>\n<p>Un <b>joven austriaco de 21 a\u00f1os <\/b>acusado de planear en 2024 un <b>atentado <\/b>\"<b>masivo<\/b>\" durante un concierto de la cantante estadounidense de pop <b>Taylor Swift<\/b> se ha declarado culpable este martes tras el arranque en Viena, la capital de Austria, del juicio en su contra por <b>terrorismo y pertenencia a una organizaci\u00f3n criminal<\/b>.<\/p>\n<p><a href=\"https:\/\/listindiario.com\/entretenimiento\/conciertos\/20260428\/joven-acusado-planear-atentado-concierto-taylor-swift-declara-culpable-terrorismo_903574.html\">wf_cms.rss.read_more<\/a><\/p>\n<p>]]&gt;<\/p>\n<p>\u200bEl principal acusado, identificado como Beran A., ha admitido su culpabilidad este martes ante el tribunal. En caso de ser condenado, podr\u00eda enfrentarse a una pena de hasta 20 a\u00f1os de prisi\u00f3n, seg\u00fan informaciones del diario 'Die Presse'.\u00a0\u00a0Conciertos\u00a0<\/p>\n","protected":false},"excerpt":{"rendered":"<p>&lt;![CDATA[ Un joven austriaco de 21 a\u00f1os acusado de planear en 2024 un atentado \"masivo\" durante un concierto de la cantante estadounidense de pop Taylor Swift se ha declarado culpable este martes tras el arranque en Viena, la capital de Austria, del juicio en su contra por terrorismo y pertenencia a una organizaci\u00f3n criminal. wf_cms.rss.read_more [&hellip;]<\/p>\n","protected":false},"author":1,"featured_media":25463,"comment_status":"open","ping_status":"open","sticky":false,"template":"","format":"standard","meta":{"amp_status":"","footnotes":""},"categories":[9],"tags":[],"class_list":["post-25462","post","type-post","status-publish","format-standard","has-post-thumbnail","hentry","category-espectaculo"],"_links":{"self":[{"href":"https:\/\/ermdigital.com\/index.php\/wp-json\/wp\/v2\/posts\/25462","targetHints":{"allow":["GET"]}}],"collection":[{"href":"https:\/\/ermdigital.com\/index.php\/wp-json\/wp\/v2\/posts"}],"about":[{"href":"https:\/\/ermdigital.com\/index.php\/wp-json\/wp\/v2\/types\/post"}],"author":[{"embeddable":true,"href":"https:\/\/ermdigital.com\/index.php\/wp-json\/wp\/v2\/users\/1"}],"replies":[{"embeddable":true,"href":"https:\/\/ermdigital.com\/index.php\/wp-json\/wp\/v2\/comments?post=25462"}],"version-history":[{"count":0,"href":"https:\/\/ermdigital.com\/index.php\/wp-json\/wp\/v2\/posts\/25462\/revisions"}],"wp:featuredmedia":[{"embeddable":true,"href":"https:\/\/ermdigital.com\/index.php\/wp-json\/wp\/v2\/media\/25463"}],"wp:attachment":[{"href":"https:\/\/ermdigital.com\/index.php\/wp-json\/wp\/v2\/media?parent=25462"}],"wp:term":[{"taxonomy":"category","embeddable":true,"href":"https:\/\/ermdigital.com\/index.php\/wp-json\/wp\/v2\/categories?post=25462"},{"taxonomy":"post_tag","embeddable":true,"href":"https:\/\/ermdigital.com\/index.php\/wp-json\/wp\/v2\/tags?post=25462"}],"curies":[{"name":"wp","href":"https:\/\/api.w.org\/{rel}","templated":true}]}}