{"id":25458,"date":"2026-04-28T10:29:28","date_gmt":"2026-04-28T14:29:28","guid":{"rendered":"https:\/\/ermdigital.com\/index.php\/2026\/04\/28\/medio-ambiente-aprobo-permiso-para-vertedero-en-la-cuaba-revela-ministro\/"},"modified":"2026-04-28T10:29:28","modified_gmt":"2026-04-28T14:29:28","slug":"medio-ambiente-aprobo-permiso-para-vertedero-en-la-cuaba-revela-ministro","status":"publish","type":"post","link":"https:\/\/ermdigital.com\/index.php\/2026\/04\/28\/medio-ambiente-aprobo-permiso-para-vertedero-en-la-cuaba-revela-ministro\/","title":{"rendered":"Medio Ambiente aprob\u00f3 permiso para vertedero en La Cuaba, revela ministro\u00a0"},"content":{"rendered":"<p>&lt;![CDATA[<\/p>\n<p>El ministro de Medio Ambiente y Recursos Naturales, <b>Armando Pa\u00edno Henr\u00edquez, <\/b>inform\u00f3 que ya se otorgaron los permisos para la construcci\u00f3n de una <b>planta de valorizaci\u00f3n de residuos en el paraje El Aguacate,<\/b> del distrito municipal La Cuaba, en Pedro Brand.<\/p>\n<p><a href=\"https:\/\/listindiario.com\/la-republica\/20260428\/medio-ambiente-aprobo-permiso-vertedero-cuaba-dice-ministro_903575.html\">wf_cms.rss.read_more<\/a><\/p>\n<p>]]&gt;<\/p>\n<p>\u200bLos comunitarios de La Cuaba han mantenido una f\u00e9rrea oposici\u00f3n al proyecto, bajo el argumento de que se convertir\u00eda en un vertedero y afectar\u00eda el desarrollo econ\u00f3mico y ecotur\u00edstico que presenta la zona por su flora y afluentes.\u00a0\u00a0La Rep\u00fablica\u00a0<\/p>\n","protected":false},"excerpt":{"rendered":"<p>&lt;![CDATA[ El ministro de Medio Ambiente y Recursos Naturales, Armando Pa\u00edno Henr\u00edquez, inform\u00f3 que ya se otorgaron los permisos para la construcci\u00f3n de una planta de valorizaci\u00f3n de residuos en el paraje El Aguacate, del distrito municipal La Cuaba, en Pedro Brand. wf_cms.rss.read_more ]]&gt; \u200bLos comunitarios de La Cuaba han mantenido una f\u00e9rrea oposici\u00f3n al [&hellip;]<\/p>\n","protected":false},"author":1,"featured_media":25459,"comment_status":"open","ping_status":"open","sticky":false,"template":"","format":"standard","meta":{"amp_status":"","footnotes":""},"categories":[5],"tags":[],"class_list":["post-25458","post","type-post","status-publish","format-standard","has-post-thumbnail","hentry","category-politica"],"_links":{"self":[{"href":"https:\/\/ermdigital.com\/index.php\/wp-json\/wp\/v2\/posts\/25458","targetHints":{"allow":["GET"]}}],"collection":[{"href":"https:\/\/ermdigital.com\/index.php\/wp-json\/wp\/v2\/posts"}],"about":[{"href":"https:\/\/ermdigital.com\/index.php\/wp-json\/wp\/v2\/types\/post"}],"author":[{"embeddable":true,"href":"https:\/\/ermdigital.com\/index.php\/wp-json\/wp\/v2\/users\/1"}],"replies":[{"embeddable":true,"href":"https:\/\/ermdigital.com\/index.php\/wp-json\/wp\/v2\/comments?post=25458"}],"version-history":[{"count":0,"href":"https:\/\/ermdigital.com\/index.php\/wp-json\/wp\/v2\/posts\/25458\/revisions"}],"wp:featuredmedia":[{"embeddable":true,"href":"https:\/\/ermdigital.com\/index.php\/wp-json\/wp\/v2\/media\/25459"}],"wp:attachment":[{"href":"https:\/\/ermdigital.com\/index.php\/wp-json\/wp\/v2\/media?parent=25458"}],"wp:term":[{"taxonomy":"category","embeddable":true,"href":"https:\/\/ermdigital.com\/index.php\/wp-json\/wp\/v2\/categories?post=25458"},{"taxonomy":"post_tag","embeddable":true,"href":"https:\/\/ermdigital.com\/index.php\/wp-json\/wp\/v2\/tags?post=25458"}],"curies":[{"name":"wp","href":"https:\/\/api.w.org\/{rel}","templated":true}]}}