{"id":25452,"date":"2026-04-28T11:17:00","date_gmt":"2026-04-28T15:17:00","guid":{"rendered":"https:\/\/ermdigital.com\/index.php\/2026\/04\/28\/i-cabarete-film-festival-homenajeara-7-directores-y-exhibira-cuatro-joyas-del-cine-rd\/"},"modified":"2026-04-28T11:17:00","modified_gmt":"2026-04-28T15:17:00","slug":"i-cabarete-film-festival-homenajeara-7-directores-y-exhibira-cuatro-joyas-del-cine-rd","status":"publish","type":"post","link":"https:\/\/ermdigital.com\/index.php\/2026\/04\/28\/i-cabarete-film-festival-homenajeara-7-directores-y-exhibira-cuatro-joyas-del-cine-rd\/","title":{"rendered":"I Cabarete Film Festival \u00a0homenajear\u00e1 7 directores y exhibir\u00e1 cuatro joyas del cine RD"},"content":{"rendered":"<header class=\"entry-header\"><\/header>\n<div class=\"entry-content\">\n<aside class=\"mashsb-container mashsb-main mashsb-stretched\">\n<div class=\"mashsb-box\">\n<div class=\"mashsb-count mash-large\"><strong><span>Las pel\u00edculas a ser proyectadas gratis son <\/span><em>Bant\u00fa Mama<\/em><span>,\u00a0<\/span><em>Cuarencena<\/em><span>\u00a0y\u00a0<\/span><em>Familia P\u00e9rez Rodr\u00edguez<\/em><span>, mientras que los directores a ser homenajeados son:\u00a0<\/span>Iv\u00e1n Herrera<span>,\u00a0<\/span>Jos\u00e9 Mar\u00eda Cabral<span>,\u00a0<\/span>Laura Amelia Guzm\u00e1n<span>,\u00a0<\/span>Israel C\u00e1rdenas<span>,\u00a0<\/span>Humberto Tav\u00e1rez<span>,\u00a0<\/span>David Maler<span>\u00a0y\u00a0<\/span>Tabar\u00e9 Blanchard<\/strong><\/div>\n<\/div>\n<\/aside>\n<p>\u00a0<\/p>\n<p><strong>Cabarete, Rep\u00fablica Dominicana.<\/strong>\u00a0\u2013 La playa de Cabarete ser\u00e1 el escenario de una experiencia cinematogr\u00e1fica \u00fanica los d\u00edas 1 y 2 de mayo de 2026 con la celebraci\u00f3n del\u00a0<strong>I<\/strong>\u00a0<strong>Cabarete Film Festival<\/strong>. El evento tendr\u00e1 lugar frente al\u00a0<strong>Hotel Villa Taina<\/strong>, una propuesta cultural gratuita para la comunidad impulsada por la empresa\u00a0<strong>Cabarete Tango<\/strong>, que combina cine dominicano, mar y comunidad en un formato \u00edntimo.<\/p>\n<figure class=\"wp-caption aligncenter\" aria-describedby=\"caption-attachment-588076\"><img loading=\"lazy\" decoding=\"async\" class=\"wp-image-588076 \" src=\"https:\/\/joserafaelsosa.com\/wp-content\/uploads\/2026\/04\/Captura-de-pantalla-2026-04-28-094005-620x334.png\" alt=\"\" width=\"446\" height=\"240\"><figcaption class=\"wp-caption-text\">Escena de Bant\u00fa Mama (Iv\u00e1n Herrera) Foto suministrada.<\/figcaption><\/figure>\n<p>Los directores dominicanos\u00a0<strong>Iv\u00e1n Herrera<\/strong>,\u00a0<strong>David Maler<\/strong>\u00a0y\u00a0<strong>Humberto Tav\u00e1rez<\/strong>\u00a0estar\u00e1n comentando con el p\u00fablico sus pel\u00edculas\u00a0<em>Bant\u00fa Mama<\/em>,\u00a0<em>Cuarencena<\/em>\u00a0y\u00a0<em>Familia P\u00e9rez Rodr\u00edguez<\/em>. Tras la proyecci\u00f3n, los cineastas presentar\u00e1n sus obras y participar\u00e1n en cineforos abiertos gratuitamente al p\u00fablico en sesiones de cupo limitado.<\/p>\n<p>Ver m\u00e1s sobre el proyecto\u00a0<strong><a href=\"https:\/\/acento.com.do\/turismo\/cabarete-busca-redefinir-el-turismo-dominicano-frente-al-todo-incluido-9529859.html\">Cabarete Tango.<\/a><\/strong><\/p>\n<p>El\u00a0<strong>I Cabarete Film Festival 2026<\/strong>\u00a0rendir\u00e1 un homenaje especial a siete directores del cine nacional:\u00a0<strong>Iv\u00e1n Herrera<\/strong>,\u00a0<strong>Jos\u00e9 Mar\u00eda Cabral<\/strong>,\u00a0<strong>Laura Amelia Guzm\u00e1n<\/strong>,\u00a0<strong>Israel C\u00e1rdenas<\/strong>,\u00a0<strong>Humberto Tav\u00e1rez<\/strong>,\u00a0<strong>David Maler<\/strong>\u00a0y\u00a0<strong>Tabar\u00e9 Blanchard<\/strong>. El reconocimiento ser\u00e1 encabezado por\u00a0<strong>Marianna Vargas<\/strong>, directora de la\u00a0<strong>DGCine<\/strong>, y\u00a0<a href=\"https:\/\/panorama.com.do\/leonardo-wehe-afirma-que-u250-millones-impactara-turismo-de-lujo-en-cabarete\/\"><strong>Leonardo Wehe<\/strong><\/a>, presidente de\u00a0<strong>Cabarete Tango<\/strong>.<\/p>\n<p>VER EL PROGRAMA COMPLETO DEL\u00a0<strong><a href=\"http:\/\/programa\/\">CABARETE FILM FESTIVAL 2026<\/a><\/strong><\/p>\n<p>VER P\u00c1GINA WEB DEL\u00a0<strong><a href=\"http:\/\/www.cabaretefilm.com\/\">CABARETEFILMFESTIVAL.COM<\/a><\/strong><\/p>\n<p>Wehe dijo que el evento, registrado oficialmente ante la\u00a0<strong>DGCine<\/strong>\u00a0y apoyado por la\u00a0<strong>Cinemateca Dominicana<\/strong>\u00a0\u2014entidad que gestion\u00f3 los filmes\u2014, presentar\u00e1 una cuidada selecci\u00f3n de producciones nacionales en proyecciones frente al mar, bajo las estrellas.<\/p>\n<p>El festival es un reconocimiento a la creciente calidad del cine dominicano, seg\u00fan indican sus organizadores, el mismo equipo detr\u00e1s del\u00a0<strong>Cabarete Jazz Festival<\/strong>. La iniciativa busca posicionar a Cabarete como un destino que tambi\u00e9n apuesta por la cultura, integrando su identidad natural con propuestas art\u00edsticas de alto nivel.<\/p>\n<p><strong>Cr\u00edtica e impacto de las pel\u00edculas<\/strong><\/p>\n<p>&amp;nbsp;<\/p>\n<p><em>Bant\u00fa Mama<\/em>\u00a0representa un digno cine autoral con ambici\u00f3n tem\u00e1tica;\u00a0<em>Cuarencena<\/em>\u00a0ofrece un exquisito equilibrio entre forma y contenido, siendo altamente valorada por la cr\u00edtica por su construcci\u00f3n dram\u00e1tica; mientras tanto,\u00a0<em>Familia P\u00e9rez Rodr\u00edguez<\/em>\u00a0representa la consolidaci\u00f3n de un cine dominicano m\u00e1s cr\u00edtico, introspectivo y t\u00e9cnicamente s\u00f3lido, con amplio respaldo institucional. En conjunto, estas tres pel\u00edculas reflejan una evoluci\u00f3n clara de nuestra industria hacia una mayor profundidad tem\u00e1tica (identidad, familia, crisis social) y una factura t\u00e9cnica muy superior.<\/p>\n<p><em>Bant\u00fa Mama<\/em>\u00a0(2021) es la obra m\u00e1s premiada internacionalmente, destac\u00e1ndose en los\u00a0<strong>NAACP Image Awards<\/strong>\u00a0(2023) como Mejor Pel\u00edcula Internacional y en el\u00a0<strong>Durban International Film Festival<\/strong>, donde fue consagrada como Mejor Pel\u00edcula Internacional, Mejor Fotograf\u00eda y Mejor Actriz para\u00a0<strong>Clarisse Albrecht<\/strong>. Es una de las producciones dominicanas con mayor circulaci\u00f3n internacional en la historia reciente.<\/p>\n<\/p>\n<p><em>Cuarencena<\/em>\u00a0(2023) fue la selecci\u00f3n oficial de Rep\u00fablica Dominicana para los\u00a0<strong>Premios \u00d3scar<\/strong>, los\u00a0<strong>Premios Goya<\/strong>\u00a0(Mejor Pel\u00edcula Iberoamericana) y los\u00a0<strong>Premios Platino del Cine Iberoamericano<\/strong>, donde alcanz\u00f3 la fase de candidaturas con cuatro postulaciones (fotograf\u00eda, arte, actriz y comedia), adem\u00e1s de ser galardonada por el\u00a0<strong>Premio ADOPRESCI de la Cr\u00edtica<\/strong>.<\/p>\n<\/p>\n<p><em>Familia P\u00e9rez Rodr\u00edguez<\/em>\u00a0(2024) fue un fen\u00f3meno de alto impacto nacional con presencia constante en cert\u00e1menes. Obtuvo cuatro nominaciones en el\u00a0<strong>Premio ADOPRESCI<\/strong>\u00a0(Mejor Pel\u00edcula de Ficci\u00f3n, Direcci\u00f3n, Guion y Actor), mientras que en los\u00a0<strong>Premios Soberano<\/strong>\u00a0(2025)\u00a0<strong>Humberto Tav\u00e1rez<\/strong>\u00a0gan\u00f3 el premio a Mejor Director. Internacionalmente, form\u00f3 parte de la selecci\u00f3n oficial en el\u00a0<strong>Festival de M\u00e1laga<\/strong>\u00a0(2025) y fue una de las joyas del\u00a0<strong>Festival de Cine Global de Santo Domingo<\/strong>.<\/p>\n<p>El evento incluir\u00e1 dos experiencias musicales: un\u00a0<em>after party<\/em>\u00a0el viernes 1 de mayo con\u00a0<strong>DJ Har\u00fa<\/strong>\u00a0y un cierre en vivo el s\u00e1bado 2 de mayo con la banda\u00a0<strong>Mache Mache<\/strong>. Los organizadores indican que el\u00a0<strong>Cabarete Film Festival 2026<\/strong>\u00a0marca un hito como la primera iniciativa de este tipo en el destino, destac\u00e1ndose por su enfoque exclusivo en el talento local en un entorno \u00fanico.<\/p>\n<p><strong>Un horizonte de luz para nuestra identidad<\/strong><\/p>\n<figure class=\"wp-caption aligncenter\" aria-describedby=\"caption-attachment-588077\"><img decoding=\"async\" loading=\"lazy\" class=\"wp-image-588077 \" src=\"https:\/\/joserafaelsosa.com\/wp-content\/uploads\/2026\/04\/Leonardo-Wehe-explica-los-detalles-de-proyecto-turiistico-n-Cabarete.-Foto-Arecoa-620x377.png\" alt=\"\" width=\"503\" height=\"306\"><figcaption class=\"wp-caption-text\"><strong>Leonardo Wehe explica los detalles del proyecto tur\u00edstico en Cabarete. Foto Arecoa.<\/strong><\/figcaption><\/figure>\n<p>Este festival no es solo una muestra de im\u00e1genes sobre la arena; es el testimonio vivo de una industria que ha aprendido a contar sus propias historias con orgullo y rigor. Al honrar a nuestros cineastas bajo las estrellas de Cabarete, celebramos el coraje de quienes convierten nuestra realidad en arte universal.<\/p>\n<p>Proyectos como este son el faro que ilumina el camino hacia una cultura m\u00e1s s\u00f3lida, record\u00e1ndonos que, cuando el talento dominicano se une a su comunidad, el potencial de nuestra narrativa no tiene l\u00edmites. \u00a1Que el cine siga siendo nuestro mejor embajador!<\/p>\n<p>Pie de foto<\/p>\n<p>El empresario tur\u00edstico Leonardo Wehe, presidente de Cabarete Film Festival 2026. Foto DATE 2026<\/p>\n<p>Programa:\u00a0<a href=\"https:\/\/cabaretefilm.com\/wp-content\/uploads\/2026\/03\/CFF_FestivalLineupProgram_compressed.pdf\">https:\/\/cabaretefilm.com\/wp-content\/uploads\/2026\/03\/CFF_FestivalLineupProgram_compressed.pdf<\/a><\/p>\n<p>P\u00e1gina web oficial:\u00a0<a href=\"http:\/\/www.cabaretefilm.com\/\"><strong>www.cabaretefilm.com<\/strong><\/a>, Instagram:\u00a0<strong>@cabaretefilm<\/strong><\/p>\n<p><strong>Contacto de prensa:\u00a0<\/strong><a href=\"mailto:naticasado@cabaretetango.com\"><strong>naticasado@cabaretetango.com<\/strong><\/a><strong>\u00a0<\/strong><\/p>\n<p>Enlaces referenciales:<\/p>\n<p><a href=\"https:\/\/acento.com.do\/turismo\/cabarete-busca-redefinir-el-turismo-dominicano-frente-al-todo-incluido-9529859.html\">https:\/\/acento.com.do\/turismo\/cabarete-busca-redefinir-el-turismo-dominicano-frente-al-todo-incluido-9529859.html<\/a><\/p>\n<p><a href=\"https:\/\/panorama.com.do\/leonardo-wehe-afirma-que-u250-millones-impactara-turismo-de-lujo-en-cabarete\/\">https:\/\/panorama.com.do\/leonardo-wehe-afirma-que-u250-millones-impactara-turismo-de-lujo-en-cabarete\/<\/a><\/p>\n<p>\u00a0<\/p>\n<\/div>\n<p>La entrada <a href=\"https:\/\/adompretur.com\/2026\/04\/28\/i-cabarete-film-festival-homenajeara-7-directores-y-exhibira-cuatro-joyas-del-cine-rd\/\">I Cabarete Film Festival \u00a0homenajear\u00e1 7 directores y exhibir\u00e1 cuatro joyas del cine RD<\/a> se public\u00f3 primero en <a href=\"https:\/\/adompretur.com\/\">ADOMPRETUR<\/a>.<\/p>\n<p>\u200bLas pel\u00edculas a ser proyectadas gratis son Bant\u00fa Mama,\u00a0Cuarencena\u00a0y\u00a0Familia P\u00e9rez Rodr\u00edguez, mientras que los directores a ser homenajeados son:\u00a0Iv\u00e1n Herrera,\u00a0Jos\u00e9 Mar\u00eda Cabral,\u00a0Laura Amelia Guzm\u00e1n,\u00a0Israel C\u00e1rdenas,\u00a0Humberto Tav\u00e1rez,\u00a0David Maler\u00a0y\u00a0Tabar\u00e9 Blanchard \u00a0 Cabarete, Rep\u00fablica Dominicana.\u00a0\u2013 La playa de Cabarete ser\u00e1 el escenario de una experiencia cinematogr\u00e1fica \u00fanica los d\u00edas 1 y 2 de mayo de 2026 con la<br \/>\nLa entrada I Cabarete Film Festival \u00a0homenajear\u00e1 7 directores y exhibir\u00e1 cuatro joyas del cine RD se public\u00f3 primero en ADOMPRETUR.\u00a0\u00a0Cine y Turismo, Noticias, portada, Cabarete Tango, Leonardo Wege\u00a0<\/p>\n","protected":false},"excerpt":{"rendered":"<p>Las pel\u00edculas a ser proyectadas gratis son Bant\u00fa Mama,\u00a0Cuarencena\u00a0y\u00a0Familia P\u00e9rez Rodr\u00edguez, mientras que los directores a ser homenajeados son:\u00a0Iv\u00e1n Herrera,\u00a0Jos\u00e9 Mar\u00eda Cabral,\u00a0Laura Amelia Guzm\u00e1n,\u00a0Israel C\u00e1rdenas,\u00a0Humberto Tav\u00e1rez,\u00a0David Maler\u00a0y\u00a0Tabar\u00e9 Blanchard \u00a0 Cabarete, Rep\u00fablica Dominicana.\u00a0\u2013 La playa de Cabarete ser\u00e1 el escenario de una experiencia cinematogr\u00e1fica \u00fanica los d\u00edas 1 y 2 de mayo de 2026 con la [&hellip;]<\/p>\n","protected":false},"author":1,"featured_media":25453,"comment_status":"open","ping_status":"open","sticky":false,"template":"","format":"standard","meta":{"amp_status":"","footnotes":""},"categories":[24],"tags":[],"class_list":["post-25452","post","type-post","status-publish","format-standard","has-post-thumbnail","hentry","category-turismo"],"_links":{"self":[{"href":"https:\/\/ermdigital.com\/index.php\/wp-json\/wp\/v2\/posts\/25452","targetHints":{"allow":["GET"]}}],"collection":[{"href":"https:\/\/ermdigital.com\/index.php\/wp-json\/wp\/v2\/posts"}],"about":[{"href":"https:\/\/ermdigital.com\/index.php\/wp-json\/wp\/v2\/types\/post"}],"author":[{"embeddable":true,"href":"https:\/\/ermdigital.com\/index.php\/wp-json\/wp\/v2\/users\/1"}],"replies":[{"embeddable":true,"href":"https:\/\/ermdigital.com\/index.php\/wp-json\/wp\/v2\/comments?post=25452"}],"version-history":[{"count":0,"href":"https:\/\/ermdigital.com\/index.php\/wp-json\/wp\/v2\/posts\/25452\/revisions"}],"wp:featuredmedia":[{"embeddable":true,"href":"https:\/\/ermdigital.com\/index.php\/wp-json\/wp\/v2\/media\/25453"}],"wp:attachment":[{"href":"https:\/\/ermdigital.com\/index.php\/wp-json\/wp\/v2\/media?parent=25452"}],"wp:term":[{"taxonomy":"category","embeddable":true,"href":"https:\/\/ermdigital.com\/index.php\/wp-json\/wp\/v2\/categories?post=25452"},{"taxonomy":"post_tag","embeddable":true,"href":"https:\/\/ermdigital.com\/index.php\/wp-json\/wp\/v2\/tags?post=25452"}],"curies":[{"name":"wp","href":"https:\/\/api.w.org\/{rel}","templated":true}]}}