{"id":25450,"date":"2026-04-28T09:32:12","date_gmt":"2026-04-28T13:32:12","guid":{"rendered":"https:\/\/ermdigital.com\/index.php\/2026\/04\/28\/shakira-lamenta-la-muerte-de-un-trabajador-en-el-montaje-de-su-concierto-en-rio-de-janeiro\/"},"modified":"2026-04-28T09:32:12","modified_gmt":"2026-04-28T13:32:12","slug":"shakira-lamenta-la-muerte-de-un-trabajador-en-el-montaje-de-su-concierto-en-rio-de-janeiro","status":"publish","type":"post","link":"https:\/\/ermdigital.com\/index.php\/2026\/04\/28\/shakira-lamenta-la-muerte-de-un-trabajador-en-el-montaje-de-su-concierto-en-rio-de-janeiro\/","title":{"rendered":"Shakira lamenta la muerte de un trabajador en el montaje de su concierto en R\u00edo de Janeiro"},"content":{"rendered":"<p><strong>Brasil.-<\/strong> Shakira lamenta la <strong>muerte de un trabajador de una empresa encargada del montaje del escenario<\/strong> del megaconcierto que ofrecer\u00e1 este s\u00e1bado en la<strong> playa de Copacabana<\/strong>, en <strong>R\u00edo de Janeiro<\/strong>, y que muri\u00f3 este domingo en un accidente laboral: \"Mi coraz\u00f3n est\u00e1 con su familia y sus seres queridos\".<\/p>\n<h2 class=\"wp-block-heading\">\"Estoy profundamente entristecida por la familia, los amigos y los compa\u00f1eros de Gabriel de Jesus Firmino, un trabajador local que perdi\u00f3 la vida ayer en el lugar. Mi coraz\u00f3n est\u00e1 con su familia y sus seres queridos\", ha se\u00f1alado la cantante en un comunicado difundido por su equipo.<\/h2>\n<p>La v\u00edctima, <strong>un t\u00e9cnico de seguridad de 28 a\u00f1os<\/strong>, falleci\u00f3 por el impacto de \"una estructura del montaje del escenario que se desplom\u00f3\", seg\u00fan se\u00f1al\u00f3 la Polic\u00eda Militar de R\u00edo ayer en una nota.<\/p>\n<p>De acuerdo con el testimonio de otros empleados citados por el Cuerpo de Bomberos,<strong> el joven \"sufri\u00f3 el aplastamiento de las extremidades inferiores en un sistema de elevaci\u00f3n\".<\/strong><\/p>\n<p>Cuando llegaron los equipos de rescate,<strong> la v\u00edctima ya hab\u00eda sido retirada del lugar del accidente por sus compa\u00f1eros.<\/strong> Recibi\u00f3 primeros auxilios in situ y r\u00e1pidamente fue conducida a un hospital, pero no resisti\u00f3 las heridas y falleci\u00f3.<\/p>\n<p>La Polic\u00eda Civil de R\u00edo ha abierto una investigaci\u00f3n para esclarecer las circunstancias del siniestro.<\/p>\n<p><strong>Te puede interesar:<\/strong> <a href=\"https:\/\/deultimominuto.net\/entretenimiento\/trabajador-muere-en-accidente\/\" data-type=\"link\" data-id=\"https:\/\/deultimominuto.net\/entretenimiento\/trabajador-muere-en-accidente\/\">Trabajador muere en accidente durante montaje de escenario para concierto de Shakira en Brasil<\/a><\/p>\n<p>R\u00edo de Janeiro se prepara ya para la llegada de la cantante colombiana, una de las m\u00e1ximas representantes de la m\u00fasica latina, donde se espera que se concentren alrededor de dos millones de personas para ver el contacto.<\/p>\n<p>El megaconcierto, que ser\u00e1 gratuito, repetir\u00e1 el modelo de los espect\u00e1culos que ofrecieron Lady Gaga y Madonna en 2025 y 2024, respectivamente, a los cuales asistieron m\u00e1s de un mill\u00f3n y medio de personas, de acuerdo con las autoridades locales.<\/p>\n<p>\u200bBrasil.- Shakira lamenta la muerte de un trabajador de una empresa encargada del montaje del escenario del megaconcierto que ofrecer\u00e1 este s\u00e1bado en la playa de Copacabana, en R\u00edo de Janeiro, y que muri\u00f3 este domingo en un accidente laboral: \"Mi coraz\u00f3n est\u00e1 con su familia y sus seres queridos\". \"Estoy profundamente entristecida por la\u00a0\u00a0Entretenimiento, R\u00edo de Janeiro, Shakira, trabajador\u00a0\u00a0<\/p>\n","protected":false},"excerpt":{"rendered":"<p>Brasil.- Shakira lamenta la muerte de un trabajador de una empresa encargada del montaje del escenario del megaconcierto que ofrecer\u00e1 este s\u00e1bado en la playa de Copacabana, en R\u00edo de Janeiro, y que muri\u00f3 este domingo en un accidente laboral: \"Mi coraz\u00f3n est\u00e1 con su familia y sus seres queridos\". \"Estoy profundamente entristecida por la [&hellip;]<\/p>\n","protected":false},"author":1,"featured_media":25451,"comment_status":"open","ping_status":"open","sticky":false,"template":"","format":"standard","meta":{"amp_status":"","footnotes":""},"categories":[3],"tags":[],"class_list":["post-25450","post","type-post","status-publish","format-standard","has-post-thumbnail","hentry","category-de-ultimo-minuto"],"_links":{"self":[{"href":"https:\/\/ermdigital.com\/index.php\/wp-json\/wp\/v2\/posts\/25450","targetHints":{"allow":["GET"]}}],"collection":[{"href":"https:\/\/ermdigital.com\/index.php\/wp-json\/wp\/v2\/posts"}],"about":[{"href":"https:\/\/ermdigital.com\/index.php\/wp-json\/wp\/v2\/types\/post"}],"author":[{"embeddable":true,"href":"https:\/\/ermdigital.com\/index.php\/wp-json\/wp\/v2\/users\/1"}],"replies":[{"embeddable":true,"href":"https:\/\/ermdigital.com\/index.php\/wp-json\/wp\/v2\/comments?post=25450"}],"version-history":[{"count":0,"href":"https:\/\/ermdigital.com\/index.php\/wp-json\/wp\/v2\/posts\/25450\/revisions"}],"wp:featuredmedia":[{"embeddable":true,"href":"https:\/\/ermdigital.com\/index.php\/wp-json\/wp\/v2\/media\/25451"}],"wp:attachment":[{"href":"https:\/\/ermdigital.com\/index.php\/wp-json\/wp\/v2\/media?parent=25450"}],"wp:term":[{"taxonomy":"category","embeddable":true,"href":"https:\/\/ermdigital.com\/index.php\/wp-json\/wp\/v2\/categories?post=25450"},{"taxonomy":"post_tag","embeddable":true,"href":"https:\/\/ermdigital.com\/index.php\/wp-json\/wp\/v2\/tags?post=25450"}],"curies":[{"name":"wp","href":"https:\/\/api.w.org\/{rel}","templated":true}]}}