{"id":25431,"date":"2026-04-28T09:41:57","date_gmt":"2026-04-28T13:41:57","guid":{"rendered":"https:\/\/ermdigital.com\/index.php\/2026\/04\/28\/presidente-abinader-encabeza-reunion-de-seguimiento-al-plan-de-seguridad-ciudadana-4\/"},"modified":"2026-04-28T09:41:57","modified_gmt":"2026-04-28T13:41:57","slug":"presidente-abinader-encabeza-reunion-de-seguimiento-al-plan-de-seguridad-ciudadana-4","status":"publish","type":"post","link":"https:\/\/ermdigital.com\/index.php\/2026\/04\/28\/presidente-abinader-encabeza-reunion-de-seguimiento-al-plan-de-seguridad-ciudadana-4\/","title":{"rendered":"Presidente Abinader encabeza reuni\u00f3n de seguimiento al Plan de Seguridad Ciudadana"},"content":{"rendered":"<p><span class=\"field field--name-title field--type-string field--label-hidden\">Presidente Abinader encabeza reuni\u00f3n de seguimiento al Plan de Seguridad Ciudadana<\/span><br \/>\n<span class=\"field field--name-uid field--type-entity-reference field--label-hidden\"><span>yamellrossi<\/span><\/span><br \/>\n<span class=\"field field--name-created field--type-created field--label-hidden\"><time datetime=\"2026-04-28T09:41:57-04:00\" title=\"Martes, Abril 28, 2026 - 09:41\" class=\"datetime\">28 de  Abril 2026 | 09:41<\/time><br \/>\n<\/span><\/p>\n<div class=\"clearfix text-formatted field field--name-body field--type-text-with-summary field--label-hidden field__item\">\n<p dir=\"ltr\"><span>Santo Domingo.\u2013\u00a0<\/span><strong>El presidente Luis Abinader<\/strong><span> se encuentra presidiendo en estos momentos la\u00a0<\/span><strong>reuni\u00f3n de seguimiento al Plan de Seguridad Ciudadana<\/strong><span>, con el prop\u00f3sito de fortalecer las\u00a0<\/span><strong>estrategias<\/strong><span> que se implementan en todo el pa\u00eds para garantizar\u00a0<\/span><strong>mayor protecci\u00f3n y tranquilidad a la poblaci\u00f3n.<\/strong><\/p>\n<p dir=\"ltr\"><span>La sesi\u00f3n de trabajo se est\u00e1 llevando a cabo en el Sal\u00f3n del Club de Oficiales del Palacio de la Polic\u00eda Nacional. En ella se eval\u00faan las\u00a0<\/span><strong>tareas cumplidas<\/strong><span> hasta la fecha, los\u00a0<\/span><strong>resultados alcanzados<\/strong><span> y las\u00a0<\/span><strong>nuevas disposiciones<\/strong><span> que ser\u00e1n adoptadas para continuar elevando los niveles de seguridad en beneficio de los dominicanos.<\/span><\/p>\n<p dir=\"ltr\"><span>En compa\u00f1\u00eda del mandatario se cuenta con el ministro de Defensa, teniente general\u00a0<\/span><strong>Carlos Antonio Fern\u00e1ndez Onofre<\/strong><span>, y de Interior y Polic\u00eda,\u00a0<\/span><strong>Faride Raful<\/strong><span>; el comandante general de la Fuerza A\u00e9rea de Rep\u00fablica Dominicana, mayor general piloto\u00a0<\/span><strong>Floreal Tarcicio Su\u00e1rez Mart\u00ednez<\/strong><span>; el director de la Polic\u00eda Nacional, mayor general,\u00a0<\/span><strong>Andr\u00e9s Modesto Cruz Cruz<\/strong><span>, y el de Migraci\u00f3n, vicealmirante\u00a0<\/span><strong>Luis Rafael Lee Ballester;\u00a0<\/strong><span>el presidente de la Direcci\u00f3n Nacional de Control de Drogas (DNCD), vicealmirante\u00a0<\/span><strong>Jos\u00e9 Manuel Cabrera Ulloa<\/strong><span>; la procuradora general de la Rep\u00fablica,\u00a0<\/span><strong>Yeni Berenice Reynoso<\/strong><span>; el viceministro de la Presidencia para Proyectos Especiales y Coordinaci\u00f3n de Seguridad,\u00a0<\/span><strong>Roger G. Pujols<\/strong><span>; el comisionado ejecutivo para la Reforma Policial,\u00a0<\/span><strong>Luis Ernesto Garc\u00eda Hern\u00e1ndez,<\/strong><span> y la presidenta de la Comisi\u00f3n T\u00e9cnica para la Reforma del Sistema Educativo de la Polic\u00eda Nacional, maestra\u00a0<\/span><strong>Mu-Kien Adriana Sang Ben.\u00a0<\/strong><\/p>\n<p dir=\"ltr\"><span>Tambi\u00e9n se encuentran presentes, el presidente del Consejo Nacional de Drogas,\u00a0<\/span><strong>Alejandro de Jes\u00fas Abreu<\/strong><span>; el director de la Comisi\u00f3n Militar y Policial, coronel\u00a0<\/span><strong>Jorge Rivera L\u00f3pez<\/strong><span>; el director de la Direcci\u00f3n General de Seguridad de Tr\u00e1nsito y Transporte Terrestre (Digesett), general\u00a0<\/span><strong>Pascual Cruz M\u00e9ndez<\/strong><span>; el director de la Polic\u00eda de Turismo (Politur), general\u00a0<\/span><strong>Minoru Matsunaga<\/strong><span>, y el director del Sistema Nacional de Atenci\u00f3n a Emergencias 911, coronel piloto\u00a0<\/span><strong>Randolfo Rijo<\/strong><span>.<\/span><\/p>\n<p dir=\"ltr\"><span>Adem\u00e1s, participan el director de la Polic\u00eda Escolar, general\u00a0<\/span><strong>Francisco Osoria de la Cruz<\/strong><span>; el director de Prisiones,\u00a0<\/span><strong>Roberto Santana<\/strong><span>, y de la Direcci\u00f3n Nacional de Ni\u00f1os, Ni\u00f1as, Adolescentes y Familia (Dinnaf),\u00a0<\/span><strong>Olga Din\u00e1 Llaver\u00edas.<\/strong><\/p>\n<p dir=\"ltr\"><span>Forma parte de la reuni\u00f3n una comisi\u00f3n de fiscales integrada por\u00a0<\/span><strong>Ramona Santana,<\/strong><span> de San Crist\u00f3bal; de La Vega,\u00a0<\/span><strong>Aura Luz Garc\u00eda<\/strong><span>; de Mar\u00eda Trinidad S\u00e1nchez,\u00a0<\/span><strong>Juan Antonio Mateo Cipri\u00e1n<\/strong><span>; de La Altagracia,\u00a0<\/span><strong>Claudia Garrido<\/strong><span>; de San Pedro de Macor\u00eds,\u00a0<\/span><strong>Suleyka Mateo<\/strong><span>, y de Duarte,\u00a0<\/span><strong>Smaily Yamel Rodr\u00edguez.<\/strong><\/p>\n<p dir=\"ltr\"><span>Tambi\u00e9n, el fiscal titular de Santo Domingo Este,\u00a0<\/span><strong>Milc\u00edades Guzm\u00e1n<\/strong><span>; de Santo Domingo Oeste,\u00a0<\/span><strong>Eduard L\u00f3pez<\/strong><span>; de Valverde,\u00a0<\/span><strong>V\u00edctor Mej\u00eda<\/strong><span>; de Hermanas Mirabal,\u00a0<\/span><strong>Zoila Agustina Rodr\u00edguez Ynfante<\/strong><span>; de Barahona,\u00a0<\/span><strong>Wellington Matos Espinal<\/strong><span>; de Peravia,\u00a0<\/span><strong>\u00c1ngel Dar\u00edo Tejeda Fabal<\/strong><span>; de Dajab\u00f3n,\u00a0<\/span><strong>Yeisin Alc\u00e1ntara<\/strong><span>; de Espaillat,\u00a0<\/span><strong>Yorelbin Rivas<\/strong><span>, y de La Romana,\u00a0<\/span><strong>Kevin Santana.<\/strong><\/p>\n<\/div>\n<div class=\"field field--name-field-image field--type-image field--label-hidden field__item\">  <img decoding=\"async\" loading=\"lazy\" src=\"https:\/\/www.presidencia.gob.do\/sites\/default\/files\/news\/2026-04\/WhatsApp%20Image%202026-04-28%20at%209.2.jpg\" width=\"1300\" height=\"854\" alt=\"Energia\"><\/p>\n<\/div>\n<p>\u00a0Presidente Abinader encabeza reuni\u00f3n de seguimiento al Plan de Seguridad Ciudadana<br \/>\nyamellrossi<br \/>\n28 de  Abril 2026 | 09:41<\/p>\n<p>            Santo Domingo.\u2013\u00a0El presidente Luis Abinader se encuentra presidiendo en estos momentos la\u00a0reuni\u00f3n de seguimiento al Plan de Seguridad Ciudadana, con el prop\u00f3sito de fortalecer las\u00a0estrategias que se implementan en todo el pa\u00eds para garantizar\u00a0mayor protecci\u00f3n y tranquilidad a la poblaci\u00f3n.<br \/>\nLa sesi\u00f3n de trabajo se est\u00e1 llevando a cabo en el Sal\u00f3n del Club de Oficiales del Palacio de la Polic\u00eda Nacional. En ella se eval\u00faan las\u00a0tareas cumplidas hasta la fecha, los\u00a0resultados alcanzados y las\u00a0nuevas disposiciones que ser\u00e1n adoptadas para continuar elevando los niveles de seguridad en beneficio de los dominicanos.<br \/>\nEn compa\u00f1\u00eda del mandatario se cuenta con el ministro de Defensa, teniente general\u00a0Carlos Antonio Fern\u00e1ndez Onofre, y de Interior y Polic\u00eda,\u00a0Faride Raful; el comandante general de la Fuerza A\u00e9rea de Rep\u00fablica Dominicana, mayor general piloto\u00a0Floreal Tarcicio Su\u00e1rez Mart\u00ednez; el director de la Polic\u00eda Nacional, mayor general,\u00a0Andr\u00e9s Modesto Cruz Cruz, y el de Migraci\u00f3n, vicealmirante\u00a0Luis Rafael Lee Ballester;\u00a0el presidente de la Direcci\u00f3n Nacional de Control de Drogas (DNCD), vicealmirante\u00a0Jos\u00e9 Manuel Cabrera Ulloa; la procuradora general de la Rep\u00fablica,\u00a0Yeni Berenice Reynoso; el viceministro de la Presidencia para Proyectos Especiales y Coordinaci\u00f3n de Seguridad,\u00a0Roger G. Pujols; el comisionado ejecutivo para la Reforma Policial,\u00a0Luis Ernesto Garc\u00eda Hern\u00e1ndez, y la presidenta de la Comisi\u00f3n T\u00e9cnica para la Reforma del Sistema Educativo de la Polic\u00eda Nacional, maestra\u00a0Mu-Kien Adriana Sang Ben.\u00a0<br \/>\nTambi\u00e9n se encuentran presentes, el presidente del Consejo Nacional de Drogas,\u00a0Alejandro de Jes\u00fas Abreu; el director de la Comisi\u00f3n Militar y Policial, coronel\u00a0Jorge Rivera L\u00f3pez; el director de la Direcci\u00f3n General de Seguridad de Tr\u00e1nsito y Transporte Terrestre (Digesett), general\u00a0Pascual Cruz M\u00e9ndez; el director de la Polic\u00eda de Turismo (Politur), general\u00a0Minoru Matsunaga, y el director del Sistema Nacional de Atenci\u00f3n a Emergencias 911, coronel piloto\u00a0Randolfo Rijo.<br \/>\nAdem\u00e1s, participan el director de la Polic\u00eda Escolar, general\u00a0Francisco Osoria de la Cruz; el director de Prisiones,\u00a0Roberto Santana, y de la Direcci\u00f3n Nacional de Ni\u00f1os, Ni\u00f1as, Adolescentes y Familia (Dinnaf),\u00a0Olga Din\u00e1 Llaver\u00edas.<br \/>\nForma parte de la reuni\u00f3n una comisi\u00f3n de fiscales integrada por\u00a0Ramona Santana, de San Crist\u00f3bal; de La Vega,\u00a0Aura Luz Garc\u00eda; de Mar\u00eda Trinidad S\u00e1nchez,\u00a0Juan Antonio Mateo Cipri\u00e1n; de La Altagracia,\u00a0Claudia Garrido; de San Pedro de Macor\u00eds,\u00a0Suleyka Mateo, y de Duarte,\u00a0Smaily Yamel Rodr\u00edguez.<br \/>\nTambi\u00e9n, el fiscal titular de Santo Domingo Este,\u00a0Milc\u00edades Guzm\u00e1n; de Santo Domingo Oeste,\u00a0Eduard L\u00f3pez; de Valverde,\u00a0V\u00edctor Mej\u00eda; de Hermanas Mirabal,\u00a0Zoila Agustina Rodr\u00edguez Ynfante; de Barahona,\u00a0Wellington Matos Espinal; de Peravia,\u00a0\u00c1ngel Dar\u00edo Tejeda Fabal; de Dajab\u00f3n,\u00a0Yeisin Alc\u00e1ntara; de Espaillat,\u00a0Yorelbin Rivas, y de La Romana,\u00a0Kevin Santana.\u00a0\u00a0\u00a0<\/p>\n","protected":false},"excerpt":{"rendered":"<p>Presidente Abinader encabeza reuni\u00f3n de seguimiento al Plan de Seguridad Ciudadana yamellrossi 28 de Abril 2026 | 09:41 Santo Domingo.\u2013\u00a0El presidente Luis Abinader se encuentra presidiendo en estos momentos la\u00a0reuni\u00f3n de seguimiento al Plan de Seguridad Ciudadana, con el prop\u00f3sito de fortalecer las\u00a0estrategias que se implementan en todo el pa\u00eds para garantizar\u00a0mayor protecci\u00f3n y tranquilidad [&hellip;]<\/p>\n","protected":false},"author":1,"featured_media":14033,"comment_status":"open","ping_status":"open","sticky":false,"template":"","format":"standard","meta":{"amp_status":"","footnotes":""},"categories":[8],"tags":[],"class_list":["post-25431","post","type-post","status-publish","format-standard","has-post-thumbnail","hentry","category-republica"],"_links":{"self":[{"href":"https:\/\/ermdigital.com\/index.php\/wp-json\/wp\/v2\/posts\/25431","targetHints":{"allow":["GET"]}}],"collection":[{"href":"https:\/\/ermdigital.com\/index.php\/wp-json\/wp\/v2\/posts"}],"about":[{"href":"https:\/\/ermdigital.com\/index.php\/wp-json\/wp\/v2\/types\/post"}],"author":[{"embeddable":true,"href":"https:\/\/ermdigital.com\/index.php\/wp-json\/wp\/v2\/users\/1"}],"replies":[{"embeddable":true,"href":"https:\/\/ermdigital.com\/index.php\/wp-json\/wp\/v2\/comments?post=25431"}],"version-history":[{"count":0,"href":"https:\/\/ermdigital.com\/index.php\/wp-json\/wp\/v2\/posts\/25431\/revisions"}],"wp:featuredmedia":[{"embeddable":true,"href":"https:\/\/ermdigital.com\/index.php\/wp-json\/wp\/v2\/media\/14033"}],"wp:attachment":[{"href":"https:\/\/ermdigital.com\/index.php\/wp-json\/wp\/v2\/media?parent=25431"}],"wp:term":[{"taxonomy":"category","embeddable":true,"href":"https:\/\/ermdigital.com\/index.php\/wp-json\/wp\/v2\/categories?post=25431"},{"taxonomy":"post_tag","embeddable":true,"href":"https:\/\/ermdigital.com\/index.php\/wp-json\/wp\/v2\/tags?post=25431"}],"curies":[{"name":"wp","href":"https:\/\/api.w.org\/{rel}","templated":true}]}}