{"id":25427,"date":"2026-04-28T09:24:05","date_gmt":"2026-04-28T13:24:05","guid":{"rendered":"https:\/\/ermdigital.com\/index.php\/2026\/04\/28\/gobierno-impulsa-transformacion-turistica-de-sosua-con-nueva-obra\/"},"modified":"2026-04-28T09:24:05","modified_gmt":"2026-04-28T13:24:05","slug":"gobierno-impulsa-transformacion-turistica-de-sosua-con-nueva-obra","status":"publish","type":"post","link":"https:\/\/ermdigital.com\/index.php\/2026\/04\/28\/gobierno-impulsa-transformacion-turistica-de-sosua-con-nueva-obra\/","title":{"rendered":"Gobierno impulsa transformaci\u00f3n tur\u00edstica de Sos\u00faa con nueva obra"},"content":{"rendered":"<p><em>El proyecto incorpora 158 parqueos para veh\u00edculos y 14 para motocicletas, un parque comunitario, gimnasio al aire libre, ba\u00f1os p\u00fablicos y diversas \u00e1reas de estancia que fomentan el uso cotidiano.<\/em><\/p>\n<p>El presidente Luis Abinader y el ministro de Turismo, David Collado, inauguraron el proyecto de mejoramiento del frente costero de Sos\u00faa y su moderna plaza de vendedores, construido con una inversi\u00f3n de RD$568,010,779.<\/p>\n<p>Con un total de 79 locales comerciales, el proyecto abarca una superficie de 15,000 metros cuadrados, distribuidos estrat\u00e9gicamente a lo largo de siete niveles de terrazas, lo que permite la activaci\u00f3n del espacio p\u00fablico y una integraci\u00f3n arm\u00f3nica con el entorno.<\/p>\n<p><img decoding=\"async\" loading=\"lazy\" class=\"alignnone size-medium wp-image-25762\" src=\"https:\/\/adompretur.com\/wp-content\/uploads\/2026\/04\/El-presidente-Luis-Abinader-y-el-ministro-de-Turismo-en-Sosua-300x157.jpg\" alt=\"\" width=\"300\" height=\"157\"><\/p>\n<p><em>El presidente Luis Abinader y el ministro de Turismo, David Collado junto a autoridades de Sos\u00faa. Fuente externa\u00a0<\/em><\/p>\n<p>Al pronunciar el discurso central, el presidente Abinader afirm\u00f3 que esta obra representa un renacer para Sos\u00faa, destino que calific\u00f3 como un \u00edcono del turismo de la costa norte. \u201cEste es un ejemplo de c\u00f3mo un pa\u00eds progresa poni\u00e9ndonos todos de acuerdo\u201d, expres\u00f3 el mandatario, quien adem\u00e1s evoc\u00f3 recuerdos de su juventud en este destino de la provincia de Puerto Plata.<\/p>\n<p>Asimismo, exhort\u00f3 a los vendedores beneficiados a cuidar y preservar sus nuevos espacios comerciales.<\/p>\n<p>El ministro de Turismo, David Collado destac\u00f3 que esta intervenci\u00f3n transforma de manera radical la visual del frente marino, generando un impacto significativo tanto para turistas nacionales como internacionales.<\/p>\n<p>\u201cEsta obra marca un antes y un despu\u00e9s en la propuesta tur\u00edstica de Sos\u00faa. Aqu\u00ed estamos con el presidente Luis Abinader en un d\u00eda verdaderamente hist\u00f3rico para este hermoso destino\u201d, precis\u00f3.<\/p>\n<p>Representantes de la asociaci\u00f3n de vendedores expresaron su agradecimiento por la obra, resaltando la transparencia con la que fue ejecutada.<\/p>\n<p><strong>Oferta para los visitantes<\/strong><\/p>\n<p>La oferta comercial est\u00e1 compuesta por 57 unidades dedicadas a la preparaci\u00f3n y venta de alimentos, 16 locales para artesan\u00eda y regalos, 2 bares y 4 quioscos de menor escala.<\/p>\n<p>El proyecto incorpora adem\u00e1s 158 parqueos para veh\u00edculos y 14 para motocicletas, un parque comunitario, gimnasio al aire libre, ba\u00f1os p\u00fablicos y diversas \u00e1reas de estancia que fomentan el uso cotidiano por parte de residentes y visitantes.<\/p>\n<p>Los locales de la plaza est\u00e1n equipados con estufas, refrigeradores, extractores y fregaderos, mientras que los bares disponen tambi\u00e9n de sistemas de refrigeraci\u00f3n y fregaderos.<\/p>\n<p>Para mayor seguridad y comodidad, el \u00e1rea cuenta con barandas en todas las terrazas y mobiliario exterior que incluye mesas, sillas, taburetes, basureros y m\u00f3dulos para la disposici\u00f3n de desechos.<\/p>\n<p>\u00a0<\/p>\n<p>La entrada <a href=\"https:\/\/adompretur.com\/2026\/04\/28\/gobierno-impulsa-transformacion-turistica-de-sosua-con-nueva-obra\/\">Gobierno impulsa transformaci\u00f3n tur\u00edstica de Sos\u00faa con nueva obra<\/a> se public\u00f3 primero en <a href=\"https:\/\/adompretur.com\/\">ADOMPRETUR<\/a>.<\/p>\n<p>\u200bEl proyecto incorpora 158 parqueos para veh\u00edculos y 14 para motocicletas, un parque comunitario, gimnasio al aire libre, ba\u00f1os p\u00fablicos y diversas \u00e1reas de estancia que fomentan el uso cotidiano. El presidente Luis Abinader y el ministro de Turismo, David Collado, inauguraron el proyecto de mejoramiento del frente costero de Sos\u00faa y su moderna plaza<br \/>\nLa entrada Gobierno impulsa transformaci\u00f3n tur\u00edstica de Sos\u00faa con nueva obra se public\u00f3 primero en ADOMPRETUR.\u00a0\u00a0Destinos, Noticias, RD\u00a0<\/p>\n","protected":false},"excerpt":{"rendered":"<p>El proyecto incorpora 158 parqueos para veh\u00edculos y 14 para motocicletas, un parque comunitario, gimnasio al aire libre, ba\u00f1os p\u00fablicos y diversas \u00e1reas de estancia que fomentan el uso cotidiano. El presidente Luis Abinader y el ministro de Turismo, David Collado, inauguraron el proyecto de mejoramiento del frente costero de Sos\u00faa y su moderna plaza [&hellip;]<\/p>\n","protected":false},"author":1,"featured_media":25428,"comment_status":"open","ping_status":"open","sticky":false,"template":"","format":"standard","meta":{"amp_status":"","footnotes":""},"categories":[24],"tags":[],"class_list":["post-25427","post","type-post","status-publish","format-standard","has-post-thumbnail","hentry","category-turismo"],"_links":{"self":[{"href":"https:\/\/ermdigital.com\/index.php\/wp-json\/wp\/v2\/posts\/25427","targetHints":{"allow":["GET"]}}],"collection":[{"href":"https:\/\/ermdigital.com\/index.php\/wp-json\/wp\/v2\/posts"}],"about":[{"href":"https:\/\/ermdigital.com\/index.php\/wp-json\/wp\/v2\/types\/post"}],"author":[{"embeddable":true,"href":"https:\/\/ermdigital.com\/index.php\/wp-json\/wp\/v2\/users\/1"}],"replies":[{"embeddable":true,"href":"https:\/\/ermdigital.com\/index.php\/wp-json\/wp\/v2\/comments?post=25427"}],"version-history":[{"count":0,"href":"https:\/\/ermdigital.com\/index.php\/wp-json\/wp\/v2\/posts\/25427\/revisions"}],"wp:featuredmedia":[{"embeddable":true,"href":"https:\/\/ermdigital.com\/index.php\/wp-json\/wp\/v2\/media\/25428"}],"wp:attachment":[{"href":"https:\/\/ermdigital.com\/index.php\/wp-json\/wp\/v2\/media?parent=25427"}],"wp:term":[{"taxonomy":"category","embeddable":true,"href":"https:\/\/ermdigital.com\/index.php\/wp-json\/wp\/v2\/categories?post=25427"},{"taxonomy":"post_tag","embeddable":true,"href":"https:\/\/ermdigital.com\/index.php\/wp-json\/wp\/v2\/tags?post=25427"}],"curies":[{"name":"wp","href":"https:\/\/api.w.org\/{rel}","templated":true}]}}