{"id":25405,"date":"2026-04-28T09:21:52","date_gmt":"2026-04-28T13:21:52","guid":{"rendered":"https:\/\/ermdigital.com\/index.php\/2026\/04\/28\/militao-es-operado-con-exito-segun-el-real-madrid\/"},"modified":"2026-04-28T09:21:52","modified_gmt":"2026-04-28T13:21:52","slug":"militao-es-operado-con-exito-segun-el-real-madrid","status":"publish","type":"post","link":"https:\/\/ermdigital.com\/index.php\/2026\/04\/28\/militao-es-operado-con-exito-segun-el-real-madrid\/","title":{"rendered":"Militao es operado \u00abcon \u00e9xito\u00bb, seg\u00fan el Real Madrid"},"content":{"rendered":"<\/p>\n<p>Madrid, 28 abr (EFE).- El brasile\u00f1o\u00a0<a href=\"https:\/\/efe.com\/deportes\/2026-04-23\/guler-militao-lesiones-musculares-real-madrid\/\" target=\"_blank\" rel=\"noreferrer noopener\">Eder Militao<\/a>, defensa central del Real Madrid, ha sido operado este martes \u00abcon \u00e9xito de la rotura del tend\u00f3n proximal del b\u00edceps femoral de la pierna izquierda\u00bb, inform\u00f3 el club blanco en un comunicado.<\/p>\n<p><strong>Te puede interesar:<\/strong><a href=\"https:\/\/deultimominuto.net\/deportes\/futbol\/la-copa-libertadores-entra-en-su-fase-clave-con-lideres-solidos-y-equipos-contra-las-cuerdas\/\"> La Copa Libertadores entra en su fase clave con l\u00edderes s\u00f3lidos y equipos contra las cuerdas<\/a><\/p>\n<\/p>\n<p>El Real Madrid precisa que la operaci\u00f3n la ha llevado a cabo el finland\u00e9s Lasse Lempainen bajo la supervisi\u00f3n de los servicios medicos del club y comenzar\u00e1 en los pr\u00f3ximos d\u00edas su trabajo de recuperaci\u00f3n.<\/p>\n<\/p>\n<h2 class=\"wp-block-heading\">Militao, operado en Finlandia<\/h2>\n<p>Militao, de 28 a\u00f1os y que tuvo que retirarse en el partido ante el Alav\u00e9s por unas molestias en el isquio, finalmente ha tenido que operarse en Finlandia con uno de los mejores especialistas del mundo de una lesi\u00f3n en el b\u00edceps femoral de la pierna izquierda. Es su tercera intervenci\u00f3n quir\u00fargica en cuatro a\u00f1os.<\/p>\n<p>Se trata de un nuevo contratiempo de importancia para el internacional brasile\u00f1o, que se perder\u00e1 la posibilidad de estar con la selecci\u00f3n brasile\u00f1a que dirige el italiano Carlo Ancelotti, ext\u00e9cnico del Real Madrid, en el pr\u00f3ximo Mundial de Estados Unidos, M\u00e9xico y Canad\u00e1, y no volver\u00e1 a la acci\u00f3n hasta la pr\u00f3xima temporada.<\/p>\n<p>El brasile\u00f1o, que estuvo cerca de cuatro meses de baja por el problema sufrido en diciembre ante el Celta -reapareci\u00f3 el 4 de abril en Mallorca-, volvi\u00f3 a lesionarse en la primera mitad del partido frente al Alav\u00e9s de la trig\u00e9sima tercera jornada y tuvo que ser reemplazado por el alem\u00e1n Antonio Rudiger.<\/p>\n<p>\u200bMadrid, 28 abr (EFE).- El brasile\u00f1o\u00a0Eder Militao, defensa central del Real Madrid, ha sido operado este martes \u00abcon \u00e9xito de la rotura del tend\u00f3n proximal del b\u00edceps femoral de la pierna izquierda\u00bb, inform\u00f3 el club blanco en un comunicado. Te puede interesar: La Copa Libertadores entra en su fase clave con l\u00edderes s\u00f3lidos y equipos\u00a0\u00a0F\u00fatbol, Deultimominuto, ElPeri\u00f3dicodelaVerdad, Rep\u00fablica Dominicana\u00a0\u00a0<\/p>\n","protected":false},"excerpt":{"rendered":"<p>Madrid, 28 abr (EFE).- El brasile\u00f1o\u00a0Eder Militao, defensa central del Real Madrid, ha sido operado este martes \u00abcon \u00e9xito de la rotura del tend\u00f3n proximal del b\u00edceps femoral de la pierna izquierda\u00bb, inform\u00f3 el club blanco en un comunicado. Te puede interesar: La Copa Libertadores entra en su fase clave con l\u00edderes s\u00f3lidos y equipos [&hellip;]<\/p>\n","protected":false},"author":1,"featured_media":25406,"comment_status":"open","ping_status":"open","sticky":false,"template":"","format":"standard","meta":{"amp_status":"","footnotes":""},"categories":[3],"tags":[],"class_list":["post-25405","post","type-post","status-publish","format-standard","has-post-thumbnail","hentry","category-de-ultimo-minuto"],"_links":{"self":[{"href":"https:\/\/ermdigital.com\/index.php\/wp-json\/wp\/v2\/posts\/25405","targetHints":{"allow":["GET"]}}],"collection":[{"href":"https:\/\/ermdigital.com\/index.php\/wp-json\/wp\/v2\/posts"}],"about":[{"href":"https:\/\/ermdigital.com\/index.php\/wp-json\/wp\/v2\/types\/post"}],"author":[{"embeddable":true,"href":"https:\/\/ermdigital.com\/index.php\/wp-json\/wp\/v2\/users\/1"}],"replies":[{"embeddable":true,"href":"https:\/\/ermdigital.com\/index.php\/wp-json\/wp\/v2\/comments?post=25405"}],"version-history":[{"count":0,"href":"https:\/\/ermdigital.com\/index.php\/wp-json\/wp\/v2\/posts\/25405\/revisions"}],"wp:featuredmedia":[{"embeddable":true,"href":"https:\/\/ermdigital.com\/index.php\/wp-json\/wp\/v2\/media\/25406"}],"wp:attachment":[{"href":"https:\/\/ermdigital.com\/index.php\/wp-json\/wp\/v2\/media?parent=25405"}],"wp:term":[{"taxonomy":"category","embeddable":true,"href":"https:\/\/ermdigital.com\/index.php\/wp-json\/wp\/v2\/categories?post=25405"},{"taxonomy":"post_tag","embeddable":true,"href":"https:\/\/ermdigital.com\/index.php\/wp-json\/wp\/v2\/tags?post=25405"}],"curies":[{"name":"wp","href":"https:\/\/api.w.org\/{rel}","templated":true}]}}