{"id":25403,"date":"2026-04-28T09:22:00","date_gmt":"2026-04-28T13:22:00","guid":{"rendered":"https:\/\/ermdigital.com\/index.php\/2026\/04\/28\/santo-domingo-2026-thalia-terrero-anhela-medalla-por-su-hija\/"},"modified":"2026-04-28T09:22:00","modified_gmt":"2026-04-28T13:22:00","slug":"santo-domingo-2026-thalia-terrero-anhela-medalla-por-su-hija","status":"publish","type":"post","link":"https:\/\/ermdigital.com\/index.php\/2026\/04\/28\/santo-domingo-2026-thalia-terrero-anhela-medalla-por-su-hija\/","title":{"rendered":"Santo Domingo 2026: Thal\u00eda Terrero anhela medalla por su hija"},"content":{"rendered":"<p>\u00a0\u00a0<\/p>\n<p>Ausente en los <strong>Juegos Centroamericanos<\/strong> y del Caribe de <strong>San Salvador 2023<\/strong>, despu\u00e9s de estar presente en los de Barranquilla 2018, la karateka <strong>Thal\u00eda Terrero Alc\u00e1ntara<\/strong> encuentra una raz\u00f3n muy poderosa para convertir sus ilusiones en una realidad tangible.<\/p>\n<p>Terrero se perdi\u00f3 los Juegos pasados debido a su <strong>proceso de embarazo<\/strong>, tras el cual trajo a <strong>Leah Terrero<\/strong>, su beb\u00e9 que se convierte en la buj\u00eda por alcanzar mejores logros. \"Ella es mi <strong>mayor motor<\/strong> para yo estar en el podio\", se\u00f1ala la peleadora de los 55 kilogramos.<\/p>\n<p>La gladiadora amasa lauros desde la categor\u00eda <strong>juvenil sub-21<\/strong> con <strong>cinco medallas de oro<\/strong> en torneos de <strong>karate<\/strong> a nivel de Centroam\u00e9rica y el Caribe y panamericanos y un bronce en un mundial en esa divisi\u00f3n.\u00a0<\/p>\n<div class=\"w-full pt-2 float-left inside-related\"><strong>RELACIONADAS<\/strong><\/p>\n<article class=\"flex flex-wrap border-b pb-4 mb-3 inline-block\">\n<div class=\"xl:w-2\/12 w-4\/12\">\n<figure class=\"mb-0\"><img loading=\"lazy\" decoding=\"async\" src=\"https:\/\/resources.diariolibre.com\/images\/2026\/04\/21\/santo-domingo-2026-losos-de-muniz-va-por-otro-oro-pide-apoyo-e1dfd8e8-focus-min0.04-0.81-149-99.jpg\" width=\"149\" height=\"99\" title=\"Yvonne Losos de Mu\u00f1iz, la amazona que espera brillar en los Centroamericanos, pero reclama apoyo\" alt=\"Yvonne Losos de Mu\u00f1iz, la amazona que espera brillar en los Centroamericanos, pero reclama apoyo\" class=\"object-cover\" \/><\/figure>\n<\/div>\n<\/article>\n<article class=\"flex flex-wrap border-b pb-4 mb-3 inline-block\">\n<div class=\"xl:w-2\/12 w-4\/12\">\n<figure class=\"mb-0\"><img loading=\"lazy\" decoding=\"async\" src=\"https:\/\/resources.diariolibre.com\/images\/documents\/10157\/0\/image_content_8712120_20170825233128-focus-0-0-149-99.jpg\" width=\"149\" height=\"99\" title=\"Terrero y Aracena ganan oro y plata en Panamericano de karate en Argentina\" alt=\"Terrero y Aracena ganan oro y plata en Panamericano de karate en Argentina\" class=\"object-cover\" \/><\/figure>\n<\/div>\n<\/article>\n<\/div>\n<p>En esas ocasiones, <strong>Leah<\/strong>\u00a0no era parte de su vida. Pero ahora que tiene <strong>dos a\u00f1os<\/strong>, el est\u00edmulo es diferente. Su madre espera que est\u00e9 en las gradas del <strong>Pabell\u00f3n de Combate 2<\/strong>. \"Ella estar\u00e1 ah\u00ed\", dice la madre.\u00a0<\/p>\n<div class=\"my-12 component cifra relative border bg-component\"><strong>Rumbo a Santo Domingo 2026<\/strong><\/p>\n<p>87\u00a0D\u00edas<\/p>\n<p>Restan para el d\u00eda de apertura de los Juegos Centroamericanos y del Caribe, se\u00f1alados para comenzar el 24 de julio.<\/p>\n<\/div>\n<p>Tampoco es la primera vez. Pero en lugar de que eso traiga nerviosismo en su desempe\u00f1o en el tatami, la motivaci\u00f3n es otra. \"Hasta ahora no, porque ya he <strong>competido anteriormente<\/strong> con ella ah\u00ed. Eso me <strong>impulsa<\/strong>, me da un motivo por el cual yo luchar por estar en el podio\".<\/p>\n<p><strong>Karate<\/strong> es uno de los deportes de combate que m\u00e1s metales aporta al <strong>medallero dominicano<\/strong>. En los pasados juegos gan\u00f3 como pa\u00eds con <strong>tres de oro<\/strong> y dos de plata, por delante de Venezuela.<\/p>\n<div class=\"my-12 component web-insert-bullet relative border bg-component\">\n<ul class=\"list-text\">\n<li>\n<p>Terrero quiere ser parte de ese liderazgo el cual aspira mantener Dominicana. Todo por Leah. \"Ella es el motivo. Estoy aqu\u00ed por mi hija, quiero estar en el podio por mi hija y quiero sobresalir en todo por ella\", se\u00f1ala Terrero, quien comenz\u00f3 en su deporte desde los 8 a\u00f1os y cuatro m\u00e1s tarde ya compet\u00eda a nivel juvenil. <\/p>\n<\/li>\n<\/ul>\n<\/div>\n<div class=\"my-12 component web-insert relative border bg-component\"><strong>Estudios y sus inicios<\/strong><\/p>\n<p>La karateca est\u00e1 cerca de terminar en Apec sus estudios de licenciatura en administraci\u00f3n tur\u00edstica y hotelera.\u00a0<\/p>\n<p>Entre estudio y deporte, ha sido un largo camino para esta joven que se inici\u00f3 en el karate a los cinco a\u00f1os atra\u00edda por sus amiguitos del barrio Los Mina.\u00a0<\/p>\n<p>Luego a los 8 comenz\u00f3 a expandirse en su disciplina, bajo las orientaciones de su primer entrenador Luis Mej\u00eda en el dojo \"Los Cabezones\".\u00a0<\/p>\n<p>Su ascenso fue vertiginoso, al punto que por no tener la edad, debi\u00f3 faltar a un torneo juvenil.\u00a0<\/p>\n<p>Hoy busca lo que no pudo lograr en Barranquilla, por ser muy joven, y en El Salvador por el embarazo de Leah. \"Ese es nuestro objetivo\", dijo.  <\/p>\n<\/div>\n<div class=\"border-t border-b py-2 my-5 tags-container\"><strong>TEMAS &#8211; <\/strong><\/p>\n<ul>\n<li>\n<div class=\"inline-block border p-2 rounded-full align-middle\">\n<p><a href=\"https:\/\/www.diariolibre.com\/tags\/karate\/6026\" title=\"Karate\">Karate<\/a><\/p>\n<\/div>\n<\/li>\n<li>\n<div class=\"inline-block border p-2 rounded-full align-middle\">\n<p><a href=\"https:\/\/www.diariolibre.com\/tags\/santo-domingo-2026\/90698\" title=\"Santo Domingo 2026\">Santo Domingo 2026<\/a><\/p>\n<\/div>\n<\/li>\n<li>\n<div class=\"inline-block border p-2 rounded-full align-middle\">\n<p><a href=\"https:\/\/www.diariolibre.com\/tags\/thalia-terrero-alcantara\/377533\" title=\"Thal\u00eda Terrero Alc\u00e1ntara\">Thal\u00eda Terrero Alc\u00e1ntara<\/a><\/p>\n<\/div>\n<\/li>\n<\/ul>\n<\/div>\n<p>\u00a0<\/p>\n","protected":false},"excerpt":{"rendered":"<p>\u00a0\u00a0 Ausente en los Juegos Centroamericanos y del Caribe de San Salvador 2023, despu\u00e9s de estar presente en los de Barranquilla 2018, la karateka Thal\u00eda Terrero Alc\u00e1ntara encuentra una raz\u00f3n muy poderosa para convertir sus ilusiones en una realidad tangible. Terrero se perdi\u00f3 los Juegos pasados debido a su proceso de embarazo, tras el cual [&hellip;]<\/p>\n","protected":false},"author":1,"featured_media":25404,"comment_status":"open","ping_status":"open","sticky":false,"template":"","format":"standard","meta":{"amp_status":"","footnotes":""},"categories":[4],"tags":[],"class_list":["post-25403","post","type-post","status-publish","format-standard","has-post-thumbnail","hentry","category-deportes"],"_links":{"self":[{"href":"https:\/\/ermdigital.com\/index.php\/wp-json\/wp\/v2\/posts\/25403","targetHints":{"allow":["GET"]}}],"collection":[{"href":"https:\/\/ermdigital.com\/index.php\/wp-json\/wp\/v2\/posts"}],"about":[{"href":"https:\/\/ermdigital.com\/index.php\/wp-json\/wp\/v2\/types\/post"}],"author":[{"embeddable":true,"href":"https:\/\/ermdigital.com\/index.php\/wp-json\/wp\/v2\/users\/1"}],"replies":[{"embeddable":true,"href":"https:\/\/ermdigital.com\/index.php\/wp-json\/wp\/v2\/comments?post=25403"}],"version-history":[{"count":0,"href":"https:\/\/ermdigital.com\/index.php\/wp-json\/wp\/v2\/posts\/25403\/revisions"}],"wp:featuredmedia":[{"embeddable":true,"href":"https:\/\/ermdigital.com\/index.php\/wp-json\/wp\/v2\/media\/25404"}],"wp:attachment":[{"href":"https:\/\/ermdigital.com\/index.php\/wp-json\/wp\/v2\/media?parent=25403"}],"wp:term":[{"taxonomy":"category","embeddable":true,"href":"https:\/\/ermdigital.com\/index.php\/wp-json\/wp\/v2\/categories?post=25403"},{"taxonomy":"post_tag","embeddable":true,"href":"https:\/\/ermdigital.com\/index.php\/wp-json\/wp\/v2\/tags?post=25403"}],"curies":[{"name":"wp","href":"https:\/\/api.w.org\/{rel}","templated":true}]}}