{"id":25397,"date":"2026-04-28T07:26:56","date_gmt":"2026-04-28T11:26:56","guid":{"rendered":"https:\/\/ermdigital.com\/index.php\/2026\/04\/28\/moncho-monsalve-ex-tecnico-de-republica-dominicana-y-brasil-fallece-a-los-81-anos\/"},"modified":"2026-04-28T07:26:56","modified_gmt":"2026-04-28T11:26:56","slug":"moncho-monsalve-ex-tecnico-de-republica-dominicana-y-brasil-fallece-a-los-81-anos","status":"publish","type":"post","link":"https:\/\/ermdigital.com\/index.php\/2026\/04\/28\/moncho-monsalve-ex-tecnico-de-republica-dominicana-y-brasil-fallece-a-los-81-anos\/","title":{"rendered":"Moncho Monsalve, ex t\u00e9cnico de Rep\u00fablica Dominicana y Brasil, fallece a los 81 a\u00f1os"},"content":{"rendered":"<p>Madrid, 28 abr (EFE).- El espa\u00f1ol Moncho Monsalve, exjugador y exentrenador de baloncesto, ha fallecido este martes a los 81 a\u00f1os de edad seg\u00fan han confirmado, entre otras fuentes, la Asociaci\u00f3n de Jugadores del Real Madrid, club con el que gan\u00f3, entre otros t\u00edtulos, tres Copas de Europa y tres ligas.<\/p>\n<p>Adem\u00e1s de en el club blanco Monsalve jug\u00f3 tambi\u00e9n con la selecci\u00f3n espa\u00f1ola 61 partidos, particip\u00f3 en los Europeos de Polonia 1963, URSS 1965 y Finlandia 1967 y el Mundial de Chile 1966 antes de su retirada en el a\u00f1o 1972, cuando comenz\u00f3 su carrera como entrenador.<\/p>\n<p>A lo largo de la misma dirigi\u00f3 a clubes como el Barcelona, el Cantabria Lobos, el Zaragoza, el Murcia o el Oximesa Granada, y a selecciones como las de Marruecos, Rep\u00fablica Dominicana o Brasil, con la que conquist\u00f3 el oro en el Torneo de las Am\u00e9ricas del a\u00f1o 2009, clasificando al equipo para el Mundial de Turqu\u00eda del 2010.<\/p>\n<p>As\u00ed mismo, en 2024 ingres\u00f3 en el Sal\u00f3n de la Fama del baloncesto espa\u00f1ol en el apartado de entrenadores en su cuarta edici\u00f3n. EFE<\/p>\n<p>\u200bMadrid, 28 abr (EFE).- El espa\u00f1ol Moncho Monsalve, exjugador y exentrenador de baloncesto, ha fallecido este martes a los 81 a\u00f1os de edad seg\u00fan han confirmado, entre otras fuentes, la Asociaci\u00f3n de Jugadores del Real Madrid, club con el que gan\u00f3, entre otros t\u00edtulos, tres Copas de Europa y tres ligas. Adem\u00e1s de en el\u00a0\u00a0Baloncesto, Deportes, Deultimominuto, Moncho, Rep\u00fablica Dominicana\u00a0\u00a0<\/p>\n","protected":false},"excerpt":{"rendered":"<p>Madrid, 28 abr (EFE).- El espa\u00f1ol Moncho Monsalve, exjugador y exentrenador de baloncesto, ha fallecido este martes a los 81 a\u00f1os de edad seg\u00fan han confirmado, entre otras fuentes, la Asociaci\u00f3n de Jugadores del Real Madrid, club con el que gan\u00f3, entre otros t\u00edtulos, tres Copas de Europa y tres ligas. Adem\u00e1s de en el [&hellip;]<\/p>\n","protected":false},"author":1,"featured_media":25398,"comment_status":"open","ping_status":"open","sticky":false,"template":"","format":"standard","meta":{"amp_status":"","footnotes":""},"categories":[3],"tags":[],"class_list":["post-25397","post","type-post","status-publish","format-standard","has-post-thumbnail","hentry","category-de-ultimo-minuto"],"_links":{"self":[{"href":"https:\/\/ermdigital.com\/index.php\/wp-json\/wp\/v2\/posts\/25397","targetHints":{"allow":["GET"]}}],"collection":[{"href":"https:\/\/ermdigital.com\/index.php\/wp-json\/wp\/v2\/posts"}],"about":[{"href":"https:\/\/ermdigital.com\/index.php\/wp-json\/wp\/v2\/types\/post"}],"author":[{"embeddable":true,"href":"https:\/\/ermdigital.com\/index.php\/wp-json\/wp\/v2\/users\/1"}],"replies":[{"embeddable":true,"href":"https:\/\/ermdigital.com\/index.php\/wp-json\/wp\/v2\/comments?post=25397"}],"version-history":[{"count":0,"href":"https:\/\/ermdigital.com\/index.php\/wp-json\/wp\/v2\/posts\/25397\/revisions"}],"wp:featuredmedia":[{"embeddable":true,"href":"https:\/\/ermdigital.com\/index.php\/wp-json\/wp\/v2\/media\/25398"}],"wp:attachment":[{"href":"https:\/\/ermdigital.com\/index.php\/wp-json\/wp\/v2\/media?parent=25397"}],"wp:term":[{"taxonomy":"category","embeddable":true,"href":"https:\/\/ermdigital.com\/index.php\/wp-json\/wp\/v2\/categories?post=25397"},{"taxonomy":"post_tag","embeddable":true,"href":"https:\/\/ermdigital.com\/index.php\/wp-json\/wp\/v2\/tags?post=25397"}],"curies":[{"name":"wp","href":"https:\/\/api.w.org\/{rel}","templated":true}]}}