{"id":25389,"date":"2026-04-28T07:15:00","date_gmt":"2026-04-28T11:15:00","guid":{"rendered":"https:\/\/ermdigital.com\/index.php\/2026\/04\/28\/agenda-del-dia-martes-28-de-abril-de-2026\/"},"modified":"2026-04-28T07:15:00","modified_gmt":"2026-04-28T11:15:00","slug":"agenda-del-dia-martes-28-de-abril-de-2026","status":"publish","type":"post","link":"https:\/\/ermdigital.com\/index.php\/2026\/04\/28\/agenda-del-dia-martes-28-de-abril-de-2026\/","title":{"rendered":"Agenda del d\u00eda: martes 28 de abril de 2026"},"content":{"rendered":"<p><strong>Santo Domingo<\/strong>.- Estas son las actividades m\u00e1s relevantes pautadas para el martes 28 de\u00a0<a href=\"https:\/\/deultimominuto.net\/\">abril\u00a0<\/a>de 2026 en las principales ciudades del territorio dominicano.<\/p>\n<h6 class=\"wp-block-heading has-text-align-center\"><strong><a href=\"https:\/\/www.youtube.com\/@deultimominutotv\" target=\"_blank\" rel=\"noreferrer noopener\">Agenda del d\u00eda:<\/a><\/strong><strong>\u00a0<\/strong><\/h6>\n<p><strong>10:00 a.m.<\/strong> 12.\u00aa Edici\u00f3n del <strong>premio <\/strong>\u00cdndice de Uso de Tic e implementaci\u00f3n de gobierno digital e innovaci\u00f3n. <strong>Lugar<\/strong>: Biblioteca Nacional Pedro Henr\u00edquez Ure\u00f1a.<\/p>\n<p><strong>3:00 p.m. Presentaci\u00f3n<\/strong> de \"Los Praditos se conecta\". <strong>Lugar<\/strong>: Calle Heriberto N\u00fa\u00f1ez, esquina calle D. <\/p>\n<p><strong>6:00 p.m<\/strong>. <strong>C\u00f3ctel\u00a0networking <\/strong>sobre soluciones que trascienden la facturaci\u00f3n electr\u00f3nica. <strong>Lugar<\/strong>: Cava Alta.<\/p>\n<p>\u200bSanto Domingo.- Estas son las actividades m\u00e1s relevantes pautadas para el martes 28 de\u00a0abril\u00a0de 2026 en las principales ciudades del territorio dominicano. Agenda del d\u00eda:\u00a0 10:00 a.m. 12.\u00aa Edici\u00f3n del premio \u00cdndice de Uso de Tic e implementaci\u00f3n de gobierno digital e innovaci\u00f3n. Lugar: Biblioteca Nacional Pedro Henr\u00edquez Ure\u00f1a. 3:00 p.m. Presentaci\u00f3n de \"Los Praditos\u00a0\u00a0Agenda del d\u00eda\u00a0\u00a0<\/p>\n","protected":false},"excerpt":{"rendered":"<p>Santo Domingo.- Estas son las actividades m\u00e1s relevantes pautadas para el martes 28 de\u00a0abril\u00a0de 2026 en las principales ciudades del territorio dominicano. Agenda del d\u00eda:\u00a0 10:00 a.m. 12.\u00aa Edici\u00f3n del premio \u00cdndice de Uso de Tic e implementaci\u00f3n de gobierno digital e innovaci\u00f3n. Lugar: Biblioteca Nacional Pedro Henr\u00edquez Ure\u00f1a. 3:00 p.m. Presentaci\u00f3n de \"Los Praditos [&hellip;]<\/p>\n","protected":false},"author":1,"featured_media":25390,"comment_status":"open","ping_status":"open","sticky":false,"template":"","format":"standard","meta":{"amp_status":"","footnotes":""},"categories":[3],"tags":[],"class_list":["post-25389","post","type-post","status-publish","format-standard","has-post-thumbnail","hentry","category-de-ultimo-minuto"],"_links":{"self":[{"href":"https:\/\/ermdigital.com\/index.php\/wp-json\/wp\/v2\/posts\/25389","targetHints":{"allow":["GET"]}}],"collection":[{"href":"https:\/\/ermdigital.com\/index.php\/wp-json\/wp\/v2\/posts"}],"about":[{"href":"https:\/\/ermdigital.com\/index.php\/wp-json\/wp\/v2\/types\/post"}],"author":[{"embeddable":true,"href":"https:\/\/ermdigital.com\/index.php\/wp-json\/wp\/v2\/users\/1"}],"replies":[{"embeddable":true,"href":"https:\/\/ermdigital.com\/index.php\/wp-json\/wp\/v2\/comments?post=25389"}],"version-history":[{"count":0,"href":"https:\/\/ermdigital.com\/index.php\/wp-json\/wp\/v2\/posts\/25389\/revisions"}],"wp:featuredmedia":[{"embeddable":true,"href":"https:\/\/ermdigital.com\/index.php\/wp-json\/wp\/v2\/media\/25390"}],"wp:attachment":[{"href":"https:\/\/ermdigital.com\/index.php\/wp-json\/wp\/v2\/media?parent=25389"}],"wp:term":[{"taxonomy":"category","embeddable":true,"href":"https:\/\/ermdigital.com\/index.php\/wp-json\/wp\/v2\/categories?post=25389"},{"taxonomy":"post_tag","embeddable":true,"href":"https:\/\/ermdigital.com\/index.php\/wp-json\/wp\/v2\/tags?post=25389"}],"curies":[{"name":"wp","href":"https:\/\/api.w.org\/{rel}","templated":true}]}}