{"id":25387,"date":"2026-04-28T06:00:00","date_gmt":"2026-04-28T10:00:00","guid":{"rendered":"https:\/\/ermdigital.com\/index.php\/2026\/04\/28\/efemerides-del-28-de-abril\/"},"modified":"2026-04-28T06:00:00","modified_gmt":"2026-04-28T10:00:00","slug":"efemerides-del-28-de-abril","status":"publish","type":"post","link":"https:\/\/ermdigital.com\/index.php\/2026\/04\/28\/efemerides-del-28-de-abril\/","title":{"rendered":"Efem\u00e9rides del 28 de abril"},"content":{"rendered":"<p><strong>Santo Domingo.-<\/strong>\u00a0Las efem\u00e9rides del 28 de\u00a0<strong><a href=\"https:\/\/deultimominuto.net\/estilo\/efemerides\/efemerides-conmemoraciones-y-celebraciones-de-abril\/\">abril<\/a><\/strong>, est\u00e1n marcadas por importantes acontecimientos hist\u00f3ricos y celebraciones internacionales que dejaron huella en la historia mundial. A continuaci\u00f3n, las principales efem\u00e9rides del 28 de abril:<\/p>\n<ul class=\"wp-block-list\">\n<li>D\u00eda Mundial de la Seguridad y Salud en el Trabajo<\/li>\n<li>D\u00eda Internacional en Memoria de los Trabajadores Fallecidos y Heridos<\/li>\n<\/ul>\n<p><strong>Santoral:\u00a0<\/strong>Santos Pedro Chanel, P\u00e1nfilo y Prudencio. Santa Teodora.<\/p>\n<p><a href=\"https:\/\/deultimominuto.net\/category\/estilo\/efemerides\/\"><\/a><\/p>\n<h2 class=\"wp-block-heading\"><strong>Nacionales: Efem\u00e9rides del 28 de abril<\/strong><\/h2>\n<ul class=\"wp-block-list\">\n<li><strong>1878.\u00a0<\/strong>Es inaugurado el puente de hierro y madera sobre el r\u00edo Ozama a su paso por la ciudad de Santo Domingo, construido bajo la direcci\u00f3n del ingeniero Howard Crosby.<\/li>\n<li><strong>1935.<\/strong>\u00a0Muere asesinado en Nueva York el abogado y pol\u00edtico antitrujillista, Sergio Bencosme.<\/li>\n<li><strong>1962.<\/strong>\u00a0Los representantes de 11 partidos pol\u00edticos eligen sus candidatos para miembros y suplentes de la Junta Central Electoral<\/li>\n<li><strong>1965.<\/strong>\u00a0El presidente de los Estados Unidos, Lyndon B. Jonson, ordena la invasi\u00f3n a la Rep\u00fablica Dominicana bajo el pretexto de proteger las vidas e intereses de su naci\u00f3n, afectados por la revoluci\u00f3n c\u00edvico-militar iniciada cuatro d\u00edas antes.<\/li>\n<li><strong>1971.<\/strong>\u00a0El presidente Joaqu\u00edn Balaguer es condecorado por el gobierno de Colombia con la Gran Cruz Placa de Oro de la Orden San Carlos.<\/li>\n<li><strong>2021.\u00a0<\/strong>El gobierno de los Estados Unidos expresa dominicano su inter\u00e9s de trabajar en los esfuerzos legislativos para crear un sistema de extinci\u00f3n de dominio que permita recuperar los bienes y riquezas \u201cque los criminales y funcionarios corruptos han robado al Estado\u201d.<\/li>\n<li>&#8211; La Uni\u00f3n Dominico-Americana de Votantes (UDAV) hace historia al inscribirse de forma oficial en la Comisi\u00f3n Estatal de Elecciones de Puerto Rico<strong>\u00a0<\/strong>de cara a los pr\u00f3ximos comicios que se celebrar\u00e1n en 2024.<\/li>\n<\/ul>\n<h2 class=\"wp-block-heading\"><strong>Internacionales: Efem\u00e9rides del 28 de abril<\/strong><\/h2>\n<ul class=\"wp-block-list\">\n<li><strong>1814.<\/strong>\u00a0Napole\u00f3n Bonaparte parte hacia el exilio de la isla de Elba.<\/li>\n<li><strong>1832.\u00a0<\/strong>Mediante Real c\u00e9dula, se sustituye en Espa\u00f1a la horca por el garrote vil como instrumento de ejecuciones.<\/li>\n<li><strong>1919.<\/strong>\u00a0Las potencias triunfantes en la I Guerra Mundial aceptan el proyecto del presidente estadounidense, Woodrow Wilson, de crear una Sociedad de Naciones, organizaci\u00f3n destinada al mantenimiento de la paz.<\/li>\n<li><strong>1937.<\/strong>\u00a0Nace el expresidente iraqu\u00ed Saddam Hussein.<\/li>\n<li><strong>1945.\u00a0<\/strong>Benito Mussolini es fusilado junto a su amante Clara Petacci, durante los \u00faltimos d\u00edas de la guerra por miembros de la Resistencia italiana.<\/li>\n<li><strong>1959.<\/strong>\u00a0Es creada en Cuba la Casa de las Am\u00e9ricas, con el objetivo de desarrollar y ampliar las relaciones culturales entre los pueblos de\u00a0Latinoam\u00e9rica\u00a0y el\u00a0Caribe.<\/li>\n<li><strong>1967.<\/strong>\u00a0Alegando que se hab\u00eda convertido a la doctrina musulmana, el campe\u00f3n mundial de boxeo Muhammad Al\u00ed (antes llamado Cassius Clay), se niega a incorporarse a las Fuerzas Armadas para ser enviado a Viet Nam..<\/li>\n<li><strong>1969.<\/strong>\u00a0El general Charles De Gaulle renuncia de a la Presidencia de Francia.<\/li>\n<li><strong>1974.<\/strong>\u00a0Evacuan de Saig\u00f3n a los \u00faltimos ciudadanos norteamericanos.<\/li>\n<li><strong>1986.<\/strong>\u00a0Se produce gran p\u00e1nico nuclear en la central sovi\u00e9tica de Chernobil.<\/li>\n<li><strong>1992.\u00a0<\/strong>Concluye la guerra civil en Afganist\u00e1n, con la entrega de poderes del Gobierno comunista a Sibgatulah Muyadedi.<\/li>\n<li><strong>1995.<\/strong>\u00a0Se informa de casi 2.000 muertos en un terremoto en Neftegorsk (isla rusa de Sajal\u00edn).<\/li>\n<li><strong>2000.<\/strong>\u00a0La Rep\u00fablica Dominicana y la Comunidad del Caribe (CARICOM) suscriben en Santo Domingo un protocolo de implementaci\u00f3n del acuerdo, con la intenci\u00f3n de comenzar negociaciones para el establecimiento de un \u00e1rea de libre comercio.<\/li>\n<li><strong>2005.\u00a0<\/strong>La empresa Autopistas del Nordeste, C. por A. anuncia el inicio formal y definitivo de la construcci\u00f3n de la carretera que une el Gran Santo Domingo con la comunidad Rinc\u00f3n de Molenillo, municipio de Nagua.<\/li>\n<li><strong>2010.<\/strong>\u00a0El presidente de Ir\u00e1n, Mahmoud Ahmadinejad, solicita y obtiene del Departamento de Estado de Estados Unidos una visa para participar en la Conferencia de Segumiento del Tratado de No Proliferaci\u00f3n Nuclear.<\/li>\n<li><strong>2012.<\/strong>\u00a0El exmilitar peruano Telmo Hurtado, acusado de haber cometido en 1985 la masacre de Accomarca, afirma durante el juicio que se le sigue que hubiera matado a su padre si recib\u00eda una orden superior en ese sentido.<\/li>\n<li><strong>2017.<\/strong>\u00a0El presidente Donald Trump se convierte en el primer gobernante estadounidense en los \u00faltimos 34 a\u00f1os que pronuncia un discurso ante la Asociaci\u00f3n Nacional del Rifle (NRA), a cuyos miembros les asegura tener un amigo en la Casa Blanco que defender\u00e1 sus intereses. Este d\u00eda el mandatario tambi\u00e9n firma una orden ejecutiva para revisar las prohibiciones de la era Obama sobre las perforaciones costeras de petr\u00f3leo y gas natural en algunas partes del \u00c1rtico, el Pac\u00edfico y el Atl\u00e1ntico.<\/li>\n<li><strong>2020.\u00a0<\/strong>De manera extra\u00f1a el gobierno cubano revela que el n\u00famero de defunciones supero los nacimientos durante el primer trimestre de este a\u00f1o, siendo la primera vez que se produce una disminuci\u00f3n natural de la poblaci\u00f3n en un pa\u00eds que desde hace tiempo trata de promover la natalidad para paliar su alto \u00edndice de envejecimiento.<\/li>\n<li>&#8211; El secretario general de la ONU, Ant\u00f3nio Guterres, lamenta la decisi\u00f3n de la guerrilla colombiana Ej\u00e9rcito de Liberaci\u00f3n Nacional (ELN) de no prolongar el alto el fuego unilateral que declar\u00f3 durante abril y pide a todos los grupos armados que cesen la violencia para facilitar la lucha contra el coronavirus.<\/li>\n<li><strong>2021.<\/strong>\u00a0Muere a la edad de 90 a\u00f1os, el astronauta Michael Collins, quien junto a Neil Armstrong y Buzz Aldrin, marcaron un hito hist\u00f3rico en la exploraci\u00f3n espacial: la llegada del hombre a la Luna, una de las misiones espaciales m\u00e1s famosas de la historia: Apolo 11 en 1969.<\/li>\n<\/ul>\n<h2 class=\"wp-block-heading\"><strong>Nacimientos: Efem\u00e9rides del 28 de abril<\/strong><\/h2>\n<ul class=\"wp-block-list\">\n<li><strong>32:<\/strong>\u00a0Ot\u00f3n, emperador romano.<\/li>\n<li><strong>1402:<\/strong>\u00a0Nezahualc\u00f3yotl, rey poeta de Texcoco.<\/li>\n<li><strong>1442:<\/strong>\u00a0Eduardo IV, rey ingl\u00e9s.<\/li>\n<li><strong>1854:<\/strong>\u00a0Hertha Marks Ayrton, ingeniera y f\u00edsica brit\u00e1nica.<\/li>\n<li><strong>1889:<\/strong>\u00a0Antonio de Oliveira Salazar, dictador portugu\u00e9s.<\/li>\n<li><strong>1908:<\/strong>\u00a0Oskar Schindler, empresario alem\u00e1n que salv\u00f3 a m\u00e1s de mil jud\u00edos.<\/li>\n<li><strong>1911:<\/strong>\u00a0Lee Falk, historietista estadounidense, creador de\u00a0<em>The Phantom<\/em>.<\/li>\n<li><strong>1916:<\/strong>\u00a0Ferruccio Lamborghini, empresario italiano, fundador de la marca de autos.<\/li>\n<li><strong>1937:<\/strong>\u00a0Sadam Husein, expresidente de Irak.<\/li>\n<li><strong>1941:<\/strong>\u00a0Ann Margret, actriz sueca-estadounidense.<\/li>\n<li><strong>1970:<\/strong>\u00a0Diego Pablo Simeone, exfutbolista y entrenador argentino.<\/li>\n<li><strong>1973:<\/strong>\u00a0Jorge Garc\u00eda, actor estadounidense (Lost).<\/li>\n<li><strong>1974:<\/strong>\u00a0Pen\u00e9lope Cruz, actriz espa\u00f1ola.<\/li>\n<li><strong>1981:<\/strong>\u00a0Jessica Alba, actriz estadounidense.<\/li>\n<li><strong>1996:<\/strong>\u00a0Katherine Langford, actriz australian<\/li>\n<\/ul>\n<h2 class=\"wp-block-heading\"><strong>Fallecimientos: Efem\u00e9rides del 28 de abril<\/strong><\/h2>\n<ul class=\"wp-block-list\">\n<li><strong>1945:<\/strong>\u00a0Benito Mussolini, dictador italiano, ejecutado por partisanos.<\/li>\n<li><strong>1989:<\/strong>\u00a0Ra\u00fal Sendic, fundador de los tupamaros en Uruguay.<\/li>\n<li><strong>1992:<\/strong>\u00a0Francis Bacon, pintor brit\u00e1nico.<\/li>\n<li><strong>2002:<\/strong>\u00a0Alexandr Lebed, militar y pol\u00edtico ruso.<\/li>\n<li><strong>2003:<\/strong>\u00a0Ildefonso Manuel Gil, poeta espa\u00f1ol.<\/li>\n<li><strong>2020:<\/strong>\u00a0Michael Robinson, futbolista y comentarista brit\u00e1nico.<\/li>\n<li><strong>2021:<\/strong>\u00a0Michael Collins, astronauta estadounidense.<\/li>\n<li><strong>2022:<\/strong>\u00a0Juan Diego, actor espa\u00f1ol.<\/li>\n<li><strong>2025:<\/strong>\u00a0Virginia Giuffre, conocida denunciante estadouniden<\/li>\n<\/ul>\n<p>\u200bSanto Domingo.-\u00a0Las efem\u00e9rides del 28 de\u00a0abril, est\u00e1n marcadas por importantes acontecimientos hist\u00f3ricos y celebraciones internacionales que dejaron huella en la historia mundial. A continuaci\u00f3n, las principales efem\u00e9rides del 28 de abril: Santoral:\u00a0Santos Pedro Chanel, P\u00e1nfilo y Prudencio. Santa Teodora. Nacionales: Efem\u00e9rides del 28 de abril Internacionales: Efem\u00e9rides del 28 de abril Nacimientos: Efem\u00e9rides del 28\u00a0\u00a0Efem\u00e9rides, efem\u00e9rides\u00a0\u00a0<\/p>\n","protected":false},"excerpt":{"rendered":"<p>Santo Domingo.-\u00a0Las efem\u00e9rides del 28 de\u00a0abril, est\u00e1n marcadas por importantes acontecimientos hist\u00f3ricos y celebraciones internacionales que dejaron huella en la historia mundial. A continuaci\u00f3n, las principales efem\u00e9rides del 28 de abril: D\u00eda Mundial de la Seguridad y Salud en el Trabajo D\u00eda Internacional en Memoria de los Trabajadores Fallecidos y Heridos Santoral:\u00a0Santos Pedro Chanel, P\u00e1nfilo [&hellip;]<\/p>\n","protected":false},"author":1,"featured_media":25388,"comment_status":"open","ping_status":"open","sticky":false,"template":"","format":"standard","meta":{"amp_status":"","footnotes":""},"categories":[3],"tags":[],"class_list":["post-25387","post","type-post","status-publish","format-standard","has-post-thumbnail","hentry","category-de-ultimo-minuto"],"_links":{"self":[{"href":"https:\/\/ermdigital.com\/index.php\/wp-json\/wp\/v2\/posts\/25387","targetHints":{"allow":["GET"]}}],"collection":[{"href":"https:\/\/ermdigital.com\/index.php\/wp-json\/wp\/v2\/posts"}],"about":[{"href":"https:\/\/ermdigital.com\/index.php\/wp-json\/wp\/v2\/types\/post"}],"author":[{"embeddable":true,"href":"https:\/\/ermdigital.com\/index.php\/wp-json\/wp\/v2\/users\/1"}],"replies":[{"embeddable":true,"href":"https:\/\/ermdigital.com\/index.php\/wp-json\/wp\/v2\/comments?post=25387"}],"version-history":[{"count":0,"href":"https:\/\/ermdigital.com\/index.php\/wp-json\/wp\/v2\/posts\/25387\/revisions"}],"wp:featuredmedia":[{"embeddable":true,"href":"https:\/\/ermdigital.com\/index.php\/wp-json\/wp\/v2\/media\/25388"}],"wp:attachment":[{"href":"https:\/\/ermdigital.com\/index.php\/wp-json\/wp\/v2\/media?parent=25387"}],"wp:term":[{"taxonomy":"category","embeddable":true,"href":"https:\/\/ermdigital.com\/index.php\/wp-json\/wp\/v2\/categories?post=25387"},{"taxonomy":"post_tag","embeddable":true,"href":"https:\/\/ermdigital.com\/index.php\/wp-json\/wp\/v2\/tags?post=25387"}],"curies":[{"name":"wp","href":"https:\/\/api.w.org\/{rel}","templated":true}]}}