{"id":25383,"date":"2026-04-28T06:20:00","date_gmt":"2026-04-28T10:20:00","guid":{"rendered":"https:\/\/ermdigital.com\/index.php\/2026\/04\/28\/dia-internacional-en-memoria-de-los-trabajadores-fallecidos-y-heridos-un-llamado-global-a-la-prevencion\/"},"modified":"2026-04-28T06:20:00","modified_gmt":"2026-04-28T10:20:00","slug":"dia-internacional-en-memoria-de-los-trabajadores-fallecidos-y-heridos-un-llamado-global-a-la-prevencion","status":"publish","type":"post","link":"https:\/\/ermdigital.com\/index.php\/2026\/04\/28\/dia-internacional-en-memoria-de-los-trabajadores-fallecidos-y-heridos-un-llamado-global-a-la-prevencion\/","title":{"rendered":"D\u00eda Internacional en Memoria de los Trabajadores Fallecidos y Heridos: un llamado global a la prevenci\u00f3n"},"content":{"rendered":"<p>Cada 28 de abril se conmemora el <strong>D\u00eda Internacional en Memoria de los Trabajadores Fallecidos y Heridos<\/strong>, una fecha que busca rendir homenaje a quienes han perdido la vida o han sufrido lesiones en el entorno laboral, as\u00ed como generar conciencia sobre la importancia de garantizar condiciones de trabajo seguras.<\/p>\n<p>La jornada est\u00e1 estrechamente vinculada a los esfuerzos de la Organizaci\u00f3n Internacional del Trabajo (OIT), entidad que promueve pol\u00edticas orientadas a la prevenci\u00f3n de accidentes laborales y enfermedades profesionales en todo el mundo. A trav\u00e9s de campa\u00f1as y actividades educativas, se busca fortalecer la cultura de seguridad en los espacios de trabajo.<\/p>\n<p>Diversas organizaciones sindicales, empresas e instituciones p\u00fablicas realizan actos conmemorativos, jornadas de reflexi\u00f3n y programas de capacitaci\u00f3n, con el objetivo de reducir los riesgos laborales y proteger la vida de los trabajadores.<\/p>\n<h5 class=\"wp-block-heading\"><strong>Recomendamos leer:<a href=\"https:\/\/deultimominuto.net\/internacionales\/la-oit-pide-reforzar-la-proteccion-social-de-todos-los-trabajadores-afectados-por-el-clima\/\">La OIT pide reforzar la protecci\u00f3n social de todos los trabajadores afectados por el clima<\/a><br \/><\/strong><\/h5>\n<p>Seg\u00fan estimaciones internacionales, millones de personas sufren accidentes o enfermedades relacionadas con el trabajo cada a\u00f1o, lo que evidencia la necesidad de reforzar las normativas, mejorar la supervisi\u00f3n y fomentar pr\u00e1cticas responsables en todos los sectores productivos.<\/p>\n<p>M\u00e1s que una fecha simb\u00f3lica, este d\u00eda representa un llamado urgente a gobiernos, empleadores y trabajadores para a<\/p>\n<p>\u200bCada 28 de abril se conmemora el D\u00eda Internacional en Memoria de los Trabajadores Fallecidos y Heridos, una fecha que busca rendir homenaje a quienes han perdido la vida o han sufrido lesiones en el entorno laboral, as\u00ed como generar conciencia sobre la importancia de garantizar condiciones de trabajo seguras. La jornada est\u00e1 estrechamente vinculada\u00a0\u00a0Efem\u00e9rides, Efem\u00e9ride\u00a0\u00a0<\/p>\n","protected":false},"excerpt":{"rendered":"<p>Cada 28 de abril se conmemora el D\u00eda Internacional en Memoria de los Trabajadores Fallecidos y Heridos, una fecha que busca rendir homenaje a quienes han perdido la vida o han sufrido lesiones en el entorno laboral, as\u00ed como generar conciencia sobre la importancia de garantizar condiciones de trabajo seguras. La jornada est\u00e1 estrechamente vinculada [&hellip;]<\/p>\n","protected":false},"author":1,"featured_media":25384,"comment_status":"open","ping_status":"open","sticky":false,"template":"","format":"standard","meta":{"amp_status":"","footnotes":""},"categories":[3],"tags":[],"class_list":["post-25383","post","type-post","status-publish","format-standard","has-post-thumbnail","hentry","category-de-ultimo-minuto"],"_links":{"self":[{"href":"https:\/\/ermdigital.com\/index.php\/wp-json\/wp\/v2\/posts\/25383","targetHints":{"allow":["GET"]}}],"collection":[{"href":"https:\/\/ermdigital.com\/index.php\/wp-json\/wp\/v2\/posts"}],"about":[{"href":"https:\/\/ermdigital.com\/index.php\/wp-json\/wp\/v2\/types\/post"}],"author":[{"embeddable":true,"href":"https:\/\/ermdigital.com\/index.php\/wp-json\/wp\/v2\/users\/1"}],"replies":[{"embeddable":true,"href":"https:\/\/ermdigital.com\/index.php\/wp-json\/wp\/v2\/comments?post=25383"}],"version-history":[{"count":0,"href":"https:\/\/ermdigital.com\/index.php\/wp-json\/wp\/v2\/posts\/25383\/revisions"}],"wp:featuredmedia":[{"embeddable":true,"href":"https:\/\/ermdigital.com\/index.php\/wp-json\/wp\/v2\/media\/25384"}],"wp:attachment":[{"href":"https:\/\/ermdigital.com\/index.php\/wp-json\/wp\/v2\/media?parent=25383"}],"wp:term":[{"taxonomy":"category","embeddable":true,"href":"https:\/\/ermdigital.com\/index.php\/wp-json\/wp\/v2\/categories?post=25383"},{"taxonomy":"post_tag","embeddable":true,"href":"https:\/\/ermdigital.com\/index.php\/wp-json\/wp\/v2\/tags?post=25383"}],"curies":[{"name":"wp","href":"https:\/\/api.w.org\/{rel}","templated":true}]}}