{"id":25373,"date":"2026-04-28T02:22:35","date_gmt":"2026-04-28T06:22:35","guid":{"rendered":"https:\/\/ermdigital.com\/index.php\/2026\/04\/28\/marileidy-paulino-fue-la-mas-rapida-en-prueba-de-los-200-metros\/"},"modified":"2026-04-28T02:22:35","modified_gmt":"2026-04-28T06:22:35","slug":"marileidy-paulino-fue-la-mas-rapida-en-prueba-de-los-200-metros","status":"publish","type":"post","link":"https:\/\/ermdigital.com\/index.php\/2026\/04\/28\/marileidy-paulino-fue-la-mas-rapida-en-prueba-de-los-200-metros\/","title":{"rendered":"Marileidy Paulino fue la m\u00e1s r\u00e1pida en prueba de los 200 metros"},"content":{"rendered":"<p>\u00a0\u00a0<\/p>\n<p><strong>Marileidy Paulino<\/strong> abri\u00f3 su calendario internacional <strong>2026<\/strong> con un tiempo alentador en un a\u00f1o que, si bien no hay Mundial ni <strong>Juegos Ol\u00edmpicos<\/strong>, igual presenta retos may\u00fasculos de cara al cierre del ciclo en 2028.<\/p>\n<p>La <strong>velocista peraviense<\/strong> <strong>gan\u00f3<\/strong> con solvencia la prueba de los <strong>200 metros planos<\/strong> del Campeonato Nacional Municipios y Clubes, que se corri\u00f3 el fin de semana en el estadio El Salitre de Bogot\u00e1, Colombia.<\/p>\n<p>La dominicana solo <strong>particip\u00f3<\/strong> en una carrera, la semifinal de los <strong>200 metros<\/strong>, y lo hizo con tiempo de 22 segundos y 60 cent\u00e9simas, el mejor crono entre las participantes. Su marca personal y r\u00e9cord nacional en esa distancia es de 22.30, conseguido el cuatro de mayo pasado, en el Grand Slam Track de Miami.<\/p>\n<p><strong>Yaseen P\u00e9rez<\/strong>, entrenador de la campeona ol\u00edmpica de los 400 metros planos, <strong>explic\u00f3<\/strong> a Diario Libre que el objetivo era correr una prueba antes de llegar a los Juegos Deportivos de las Fuerzas Armadas y la Polic\u00eda Nacional, el pr\u00f3ximo mes, en Santiago.\u00a0<\/p>\n<div class=\"w-full pt-2 float-left inside-related\"><strong>RELACIONADAS<\/strong><\/p>\n<article class=\"flex flex-wrap border-b pb-4 mb-3 inline-block\">\n<div class=\"xl:w-2\/12 w-4\/12\">\n<figure class=\"mb-0\"><img loading=\"lazy\" decoding=\"async\" src=\"https:\/\/resources.diariolibre.com\/images\/2026\/04\/01\/marileidy-paulino-ratifica-calidad-de-la-pista-del-inefi-en-sfm-0e762751-focus-min0.14-0.29-149-99.jpg\" width=\"149\" height=\"99\" title=\"Marileidy Paulino ratifica calidad de la nueva pista del Inefi en SFM\" alt=\"Marileidy Paulino ratifica calidad de la nueva pista del Inefi en SFM\" class=\"object-cover\" \/><\/figure>\n<\/div>\n<\/article>\n<\/div>\n<p>Se trat\u00f3 de la <strong>segunda competencia<\/strong> oficial para la actual <strong>subcampeona del mundo<\/strong>, tras dominar los 800 metros en 6to. Invitacional Isaac Ogando, que tuvo lugar en Bayaguana, el <strong>29 de marzo<\/strong>.<\/p>\n<p>En la cita colombiana, el dominicano <strong>Franquelo P\u00e9rez<\/strong> <strong>gan\u00f3<\/strong> los <strong>100 metros<\/strong> en el rengl\u00f3n internacional con crono de 10.20. El bronce fue para el banilejo <strong>Jos\u00e9 Gonz\u00e1lez<\/strong>, actual campe\u00f3n Panamericano de la especialidad, con 10.31. <\/p>\n<p>Gonz\u00e1lez se <strong>impuso<\/strong> en los <strong>200 metros<\/strong> (20.58) por delante de P\u00e9rez (20.69).\u00a0 Asimismo, Yonar Duval logr\u00f3 el tercer puesto en el salto largo con distancia de 7.47 metros. <\/p>\n<ul class=\"list-text\">\n<li><strong>Erick S\u00e1nchez<\/strong> fue <strong>segundo<\/strong> en los <strong>400 metros con vallas<\/strong> (45.81).<\/li>\n<\/ul>\n<div class=\"border-t border-b py-2 my-5 tags-container\"><strong>TEMAS &#8211; <\/strong><\/p>\n<ul>\n<li>\n<div class=\"inline-block border p-2 rounded-full align-middle\">\n<p><a href=\"https:\/\/www.diariolibre.com\/tags\/marileidy-paulino\/12100\" title=\"Marileidy Paulino\">Marileidy Paulino<\/a><\/p>\n<\/div>\n<\/li>\n<li>\n<div class=\"inline-block border p-2 rounded-full align-middle\">\n<p><a href=\"https:\/\/www.diariolibre.com\/tags\/juegos-olimpicos\/538\" title=\"Juegos Ol\u00edmpicos\">Juegos Ol\u00edmpicos<\/a><\/p>\n<\/div>\n<\/li>\n<li>\n<div class=\"inline-block border p-2 rounded-full align-middle\">\n<p><a href=\"https:\/\/www.diariolibre.com\/tags\/campeonato-del-mundo\/14710\" title=\"Campeonato del Mundo\">Campeonato del Mundo<\/a><\/p>\n<\/div>\n<\/li>\n<li><\/li>\n<\/ul>\n<\/div>\n<p>\u00a0<\/p>\n","protected":false},"excerpt":{"rendered":"<p>\u00a0\u00a0 Marileidy Paulino abri\u00f3 su calendario internacional 2026 con un tiempo alentador en un a\u00f1o que, si bien no hay Mundial ni Juegos Ol\u00edmpicos, igual presenta retos may\u00fasculos de cara al cierre del ciclo en 2028. La velocista peraviense gan\u00f3 con solvencia la prueba de los 200 metros planos del Campeonato Nacional Municipios y Clubes, [&hellip;]<\/p>\n","protected":false},"author":1,"featured_media":25374,"comment_status":"open","ping_status":"open","sticky":false,"template":"","format":"standard","meta":{"amp_status":"","footnotes":""},"categories":[4],"tags":[],"class_list":["post-25373","post","type-post","status-publish","format-standard","has-post-thumbnail","hentry","category-deportes"],"_links":{"self":[{"href":"https:\/\/ermdigital.com\/index.php\/wp-json\/wp\/v2\/posts\/25373","targetHints":{"allow":["GET"]}}],"collection":[{"href":"https:\/\/ermdigital.com\/index.php\/wp-json\/wp\/v2\/posts"}],"about":[{"href":"https:\/\/ermdigital.com\/index.php\/wp-json\/wp\/v2\/types\/post"}],"author":[{"embeddable":true,"href":"https:\/\/ermdigital.com\/index.php\/wp-json\/wp\/v2\/users\/1"}],"replies":[{"embeddable":true,"href":"https:\/\/ermdigital.com\/index.php\/wp-json\/wp\/v2\/comments?post=25373"}],"version-history":[{"count":0,"href":"https:\/\/ermdigital.com\/index.php\/wp-json\/wp\/v2\/posts\/25373\/revisions"}],"wp:featuredmedia":[{"embeddable":true,"href":"https:\/\/ermdigital.com\/index.php\/wp-json\/wp\/v2\/media\/25374"}],"wp:attachment":[{"href":"https:\/\/ermdigital.com\/index.php\/wp-json\/wp\/v2\/media?parent=25373"}],"wp:term":[{"taxonomy":"category","embeddable":true,"href":"https:\/\/ermdigital.com\/index.php\/wp-json\/wp\/v2\/categories?post=25373"},{"taxonomy":"post_tag","embeddable":true,"href":"https:\/\/ermdigital.com\/index.php\/wp-json\/wp\/v2\/tags?post=25373"}],"curies":[{"name":"wp","href":"https:\/\/api.w.org\/{rel}","templated":true}]}}