{"id":25346,"date":"2026-04-28T01:21:49","date_gmt":"2026-04-28T05:21:49","guid":{"rendered":"https:\/\/ermdigital.com\/index.php\/2026\/04\/28\/tiempo-duro-para-lesionarse-en-futbol\/"},"modified":"2026-04-28T01:21:49","modified_gmt":"2026-04-28T05:21:49","slug":"tiempo-duro-para-lesionarse-en-futbol","status":"publish","type":"post","link":"https:\/\/ermdigital.com\/index.php\/2026\/04\/28\/tiempo-duro-para-lesionarse-en-futbol\/","title":{"rendered":"Tiempo duro para lesionarse en f\u00fatbol"},"content":{"rendered":"<p>\u00a0\u00a0<\/p>\n<p>Son <strong>momentos duros<\/strong> para <strong>lesionarse<\/strong>. A la temporada le restan apenas semanas, la carga de partidos se acumula y en cada jornada los nervios se hacen presentes al observar a los futbolistas habituales de las selecciones mundialistas disputar sus compromisos de clubes. Ante cualquier entrada, ca\u00edda, torcedura o mano puestas sobre muslos o rodillas pensamos lo peor, todos quisi\u00e9ramos que terminase ya para que sean menos los ca\u00eddos. <\/p>\n<p>Va quedando menos para la llegada del <strong>11 de junio<\/strong>, fecha de inicio de la <strong>copa del mundo<\/strong>, y lamentablemente la lista de jugadores que se bajan por este tipo de infortunios va aumentando cada fin de semana. <\/p>\n<p>Las <strong>l\u00e1grimas inconsolables<\/strong> de <strong>Xavi Simons<\/strong>, la desesperaci\u00f3n de Ekitike o el mensaje de Gnabry desgarran, pues para todo el que alguna vez ha jugado <strong>f\u00fatbol<\/strong>, haya alcanzado o no el profesionalismo, disputar un mundial es un sue\u00f1o de vida. <\/p>\n<p>Otros, como <strong>Lamine<\/strong>, <strong>Mbapp\u00e9<\/strong> o Arda G\u00fcler est\u00e1n entre algodones con serios problemas musculares que a estas alturas les habr\u00edan puesto a pensar ya en la pr\u00f3xima pretemporada, sin embargo, se ponen en manos de la <strong>medicina deportiva<\/strong> para encontrar la recuperaci\u00f3n deseada por ellos y por todos. <\/p>\n<p>Parecida situaci\u00f3n la de <strong>Modric<\/strong>, quien se fractur\u00f3 el p\u00f3mulo en el Milan-Juve del pasado domingo; se despide de la temporada, pero felizmente por las informaciones que nos llegan, este hecho no le impedir\u00e1 capitanear a Croacia en el verano; eso s\u00ed, ser\u00e1 raro verlo disputar su \u00faltima copa llevando una m\u00e1scara protectora.\u00a0\u00a0 <\/p>\n<p>A estas alturas no vale mucho la pena insistir trayendo el tema de lo abultado del calendario; es una realidad consentida, incluso, por los propios jugadores, los principales afectados de una din\u00e1mica que al parecer ser\u00e1 hasta que el cuerpo aguante. <\/p>\n<p>Sin tiempo ni lamentaciones, las miradas amanecen puestas en la ida de las semifinales de Champions de hoy, y tambi\u00e9n en la de ma\u00f1ana, y m\u00e1s adelante en la vuelta y en la final del 30 de mayo, porque a ese ritmo, sin importar el entorno, nos lleva el <strong>f\u00fatbol<\/strong> y la vida tambi\u00e9n. <\/p>\n<div class=\"border-t border-b py-2 my-5 tags-container\"><strong>TEMAS &#8211; <\/strong><\/p>\n<ul>\n<li>\n<div class=\"inline-block border p-2 rounded-full align-middle\">\n<p><a href=\"https:\/\/www.diariolibre.com\/tags\/copa-del-mundo\/14518\" title=\"Copa del Mundo\">Copa del Mundo<\/a><\/p>\n<\/div>\n<\/li>\n<li>\n<div class=\"inline-block border p-2 rounded-full align-middle\">\n<p><a href=\"https:\/\/www.diariolibre.com\/tags\/lesiones\/12495\" title=\"lesiones\">lesiones<\/a><\/p>\n<\/div>\n<\/li>\n<li>\n<div class=\"inline-block border p-2 rounded-full align-middle\">\n<p><a href=\"https:\/\/www.diariolibre.com\/tags\/medicina-deportiva\/4514\" title=\"Medicina deportiva\">Medicina deportiva<\/a><\/p>\n<\/div>\n<\/li>\n<li>\n<div class=\"inline-block border p-2 rounded-full align-middle\">\n<p><a href=\"https:\/\/www.diariolibre.com\/tags\/recuperacion-fisica\/377297\" title=\"Recuperaci\u00f3n f\u00edsica\">Recuperaci\u00f3n f\u00edsica<\/a><\/p>\n<\/div>\n<\/li>\n<li>\n<div class=\"inline-block border p-2 rounded-full align-middle\">\n<p><a href=\"https:\/\/www.diariolibre.com\/tags\/futbol\/169\" title=\"F\u00fatbol\">F\u00fatbol<\/a><\/p>\n<\/div>\n<\/li>\n<\/ul>\n<\/div>\n<p>\u00a0<\/p>\n","protected":false},"excerpt":{"rendered":"<p>\u00a0\u00a0 Son momentos duros para lesionarse. A la temporada le restan apenas semanas, la carga de partidos se acumula y en cada jornada los nervios se hacen presentes al observar a los futbolistas habituales de las selecciones mundialistas disputar sus compromisos de clubes. Ante cualquier entrada, ca\u00edda, torcedura o mano puestas sobre muslos o rodillas [&hellip;]<\/p>\n","protected":false},"author":1,"featured_media":25347,"comment_status":"open","ping_status":"open","sticky":false,"template":"","format":"standard","meta":{"amp_status":"","footnotes":""},"categories":[4],"tags":[],"class_list":["post-25346","post","type-post","status-publish","format-standard","has-post-thumbnail","hentry","category-deportes"],"_links":{"self":[{"href":"https:\/\/ermdigital.com\/index.php\/wp-json\/wp\/v2\/posts\/25346","targetHints":{"allow":["GET"]}}],"collection":[{"href":"https:\/\/ermdigital.com\/index.php\/wp-json\/wp\/v2\/posts"}],"about":[{"href":"https:\/\/ermdigital.com\/index.php\/wp-json\/wp\/v2\/types\/post"}],"author":[{"embeddable":true,"href":"https:\/\/ermdigital.com\/index.php\/wp-json\/wp\/v2\/users\/1"}],"replies":[{"embeddable":true,"href":"https:\/\/ermdigital.com\/index.php\/wp-json\/wp\/v2\/comments?post=25346"}],"version-history":[{"count":0,"href":"https:\/\/ermdigital.com\/index.php\/wp-json\/wp\/v2\/posts\/25346\/revisions"}],"wp:featuredmedia":[{"embeddable":true,"href":"https:\/\/ermdigital.com\/index.php\/wp-json\/wp\/v2\/media\/25347"}],"wp:attachment":[{"href":"https:\/\/ermdigital.com\/index.php\/wp-json\/wp\/v2\/media?parent=25346"}],"wp:term":[{"taxonomy":"category","embeddable":true,"href":"https:\/\/ermdigital.com\/index.php\/wp-json\/wp\/v2\/categories?post=25346"},{"taxonomy":"post_tag","embeddable":true,"href":"https:\/\/ermdigital.com\/index.php\/wp-json\/wp\/v2\/tags?post=25346"}],"curies":[{"name":"wp","href":"https:\/\/api.w.org\/{rel}","templated":true}]}}