{"id":25334,"date":"2026-04-27T23:45:57","date_gmt":"2026-04-28T03:45:57","guid":{"rendered":"https:\/\/ermdigital.com\/index.php\/2026\/04\/27\/comunidades-de-los-aguacates-la-cuaba-y-el-belico-realizan-manifestacion-exigen-obras-para-dar-paso-a-planta-recicladora\/"},"modified":"2026-04-27T23:45:57","modified_gmt":"2026-04-28T03:45:57","slug":"comunidades-de-los-aguacates-la-cuaba-y-el-belico-realizan-manifestacion-exigen-obras-para-dar-paso-a-planta-recicladora","status":"publish","type":"post","link":"https:\/\/ermdigital.com\/index.php\/2026\/04\/27\/comunidades-de-los-aguacates-la-cuaba-y-el-belico-realizan-manifestacion-exigen-obras-para-dar-paso-a-planta-recicladora\/","title":{"rendered":"Comunidades de Los Aguacates, La Cuaba y El B\u00e9lico realizan manifestaci\u00f3n exigen obras para dar paso a planta recicladora"},"content":{"rendered":"<p><strong>Santo Domingo<\/strong>.\u2013 Las comunidades de Los Aguacates, La Cuaba y El B\u00e9lico realizaron una manifestaci\u00f3n pac\u00edfica en la entrada de La Cuaba, para exigir al presidente Luis Abinader el cumplimiento inmediato de cuatro obras b\u00e1sicas.<\/p>\n<p>Los comunitarios reiteran que apoyan la construcci\u00f3n de la planta recicladora en la zona por los empleos que genera, pero advierten que condicionan su respaldo a que el Gobierno resuelva primero las necesidades hist\u00f3ricas de la comunidad.<\/p>\n<blockquote class=\"wp-block-quote is-layout-flow wp-block-quote-is-layout-flow\">\n<p>\u201cNo nos oponemos al progreso. Lo que exigimos es que el progreso llegue tambi\u00e9n a nuestras casas, calles y escuelas\u201d, declara la Junta de Vecinos de Los Aguacates.<\/p>\n<\/blockquote>\n<p>Durante la manifestaci\u00f3n de este lunes, padres de familia, estudiantes y comerciantes forman una cadena humana, exhiben pancartas y dan testimonios sobre la falta de agua, el <a href=\"https:\/\/www.youtube.com\/@deultimominutotv\" data-type=\"link\" data-id=\"https:\/\/www.youtube.com\/@deultimominutotv\" target=\"_blank\" rel=\"noopener\">mal <\/a>estado de las calles y la inseguridad en la zona.<\/p>\n<h6 class=\"wp-block-heading has-text-align-center\"><strong>Tambi\u00e9n puedes leer: <a href=\"https:\/\/deultimominuto.net\/nacionales\/comunitarios-de-la-cuaba-denuncian-contaminacion-de-los-rios-matua-e-higuero-por-operaciones-de-campo-de-golf\/\">Comunitarios de La Cuaba denuncian contaminaci\u00f3n de los r\u00edos Matua e Hig\u00fcero por operaciones de campo de golf<\/a><\/strong><\/h6>\n<p>Las demandas que motivaron la protesta son el asfaltado de la carretera Los Aguacates-La Cuaba y calles secundarias; la construcci\u00f3n de una escuela b\u00e1sica para m\u00e1s de 300 ni\u00f1os de la zona; la instalaci\u00f3n de un destacamento policial ante el aumento de robos; y el suministro permanente de agua potable.<\/p>\n<blockquote class=\"wp-block-quote is-layout-flow wp-block-quote-is-layout-flow\">\n<p>\u201cLe decimos al presidente Abinader: sin comunidad, no hay desarrollo. La planta recicladora es bienvenida, pero primero la gente\u201d, expresa Ram\u00f3n de los Santos, vocero comunitario, durante la jornada de este lunes.<\/p>\n<\/blockquote>\n<p>La Junta de Vecinos advirtieron que si no reciben respuesta del Gobierno en las pr\u00f3ximas 48 horas, radicalizan la lucha con nuevas acciones.<\/p>\n<p>\u200bSanto Domingo.\u2013 Las comunidades de Los Aguacates, La Cuaba y El B\u00e9lico realizaron una manifestaci\u00f3n pac\u00edfica en la entrada de La Cuaba, para exigir al presidente Luis Abinader el cumplimiento inmediato de cuatro obras b\u00e1sicas. Los comunitarios reiteran que apoyan la construcci\u00f3n de la planta recicladora en la zona por los empleos que genera, pero\u00a0\u00a0Nacionales, El B\u00e9lico, La Cuaba, Los Aguacates\u00a0\u00a0<\/p>\n","protected":false},"excerpt":{"rendered":"<p>Santo Domingo.\u2013 Las comunidades de Los Aguacates, La Cuaba y El B\u00e9lico realizaron una manifestaci\u00f3n pac\u00edfica en la entrada de La Cuaba, para exigir al presidente Luis Abinader el cumplimiento inmediato de cuatro obras b\u00e1sicas. Los comunitarios reiteran que apoyan la construcci\u00f3n de la planta recicladora en la zona por los empleos que genera, pero [&hellip;]<\/p>\n","protected":false},"author":1,"featured_media":25335,"comment_status":"open","ping_status":"open","sticky":false,"template":"","format":"standard","meta":{"amp_status":"","footnotes":""},"categories":[3],"tags":[],"class_list":["post-25334","post","type-post","status-publish","format-standard","has-post-thumbnail","hentry","category-de-ultimo-minuto"],"_links":{"self":[{"href":"https:\/\/ermdigital.com\/index.php\/wp-json\/wp\/v2\/posts\/25334","targetHints":{"allow":["GET"]}}],"collection":[{"href":"https:\/\/ermdigital.com\/index.php\/wp-json\/wp\/v2\/posts"}],"about":[{"href":"https:\/\/ermdigital.com\/index.php\/wp-json\/wp\/v2\/types\/post"}],"author":[{"embeddable":true,"href":"https:\/\/ermdigital.com\/index.php\/wp-json\/wp\/v2\/users\/1"}],"replies":[{"embeddable":true,"href":"https:\/\/ermdigital.com\/index.php\/wp-json\/wp\/v2\/comments?post=25334"}],"version-history":[{"count":0,"href":"https:\/\/ermdigital.com\/index.php\/wp-json\/wp\/v2\/posts\/25334\/revisions"}],"wp:featuredmedia":[{"embeddable":true,"href":"https:\/\/ermdigital.com\/index.php\/wp-json\/wp\/v2\/media\/25335"}],"wp:attachment":[{"href":"https:\/\/ermdigital.com\/index.php\/wp-json\/wp\/v2\/media?parent=25334"}],"wp:term":[{"taxonomy":"category","embeddable":true,"href":"https:\/\/ermdigital.com\/index.php\/wp-json\/wp\/v2\/categories?post=25334"},{"taxonomy":"post_tag","embeddable":true,"href":"https:\/\/ermdigital.com\/index.php\/wp-json\/wp\/v2\/tags?post=25334"}],"curies":[{"name":"wp","href":"https:\/\/api.w.org\/{rel}","templated":true}]}}