{"id":25332,"date":"2026-04-27T23:50:15","date_gmt":"2026-04-28T03:50:15","guid":{"rendered":"https:\/\/ermdigital.com\/index.php\/2026\/04\/27\/rita-sellares-y-fundemar-son-reconocidas-en-premios-brugal-cree-en-su-gente-por-su-labor-en-la-conservacion-marina\/"},"modified":"2026-04-27T23:50:15","modified_gmt":"2026-04-28T03:50:15","slug":"rita-sellares-y-fundemar-son-reconocidas-en-premios-brugal-cree-en-su-gente-por-su-labor-en-la-conservacion-marina","status":"publish","type":"post","link":"https:\/\/ermdigital.com\/index.php\/2026\/04\/27\/rita-sellares-y-fundemar-son-reconocidas-en-premios-brugal-cree-en-su-gente-por-su-labor-en-la-conservacion-marina\/","title":{"rendered":"Rita Sellar\u00e9s y FUNDEMAR son reconocidas en Premios Brugal Cree en su Gente por su labor en la conservaci\u00f3n marina"},"content":{"rendered":"<p><strong><em>Santo Domingo, R.D.<\/em> \u2013 <\/strong>La CEO de la Fundaci\u00f3n Dominicana de Estudios Marinos (<a href=\"https:\/\/deultimominuto.net\/estilo\/oliver-olivo-resalta-el-valor\/\">FUNDEMAR<\/a>), Rita Sellar\u00e9s, celebr\u00f3 el reconocimiento otorgado a la instituci\u00f3n durante los Premios Brugal Cree en su Gente, destacando el compromiso continuo con la protecci\u00f3n de los ecosistemas marinos del pa\u00eds.<\/p>\n<p>Durante una entrevista concedida a De \u00daltimo Minuto, Sellar\u00e9s comparti\u00f3 la emoci\u00f3n vivida al recibir la llamada que confirmaba que FUNDEMAR ser\u00eda una de las dos entidades galardonadas en esta edici\u00f3n. \u201cFue un momento de mucha alegr\u00eda y tambi\u00e9n de reafirmaci\u00f3n del trabajo que venimos realizando desde hace a\u00f1os en favor de nuestros oc\u00e9anos\u201d, expres\u00f3.<\/p>\n<p>La experta tambi\u00e9n alert\u00f3 sobre el estado actual de los corales en la Rep\u00fablica Dominicana, se\u00f1alando que enfrentan serias amenazas debido al cambio clim\u00e1tico, la contaminaci\u00f3n y la actividad humana. En ese sentido, enfatiz\u00f3 que la p\u00e9rdida de estos ecosistemas no solo afecta la biodiversidad marina, sino tambi\u00e9n la protecci\u00f3n natural de las costas frente a fen\u00f3menos como tormentas y erosi\u00f3n.<\/p>\n<p>Sellar\u00e9s hizo un llamado a la sociedad a involucrarse activamente en la preservaci\u00f3n de los corales, promoviendo pr\u00e1cticas responsables como la reducci\u00f3n del uso de pl\u00e1sticos, el respeto a las \u00e1reas protegidas y el apoyo a iniciativas de conservaci\u00f3n. \u201cLa protecci\u00f3n de los oc\u00e9anos es una responsabilidad compartida que impacta directamente nuestro futuro\u201d, afirm\u00f3.<\/p>\n<p><strong>Recomendamos leer:<a href=\"https:\/\/deultimominuto.net\/estilo\/lideres-empresariales\/\">L\u00edderes empresariales y autoridades se dan cita en los Premios Brugal Cree en su Gente<\/a><\/strong><\/p>\n<p>La Fundaci\u00f3n Dominicana de Estudios Marinos (FUNDEMAR), con sede en Bayahibe, se dedica a la conservaci\u00f3n y uso sostenible de los ecosistemas costeros y marinos. A trav\u00e9s de la investigaci\u00f3n cient\u00edfica, la educaci\u00f3n ambiental y el trabajo con comunidades locales, lidera importantes proyectos de restauraci\u00f3n de corales y protecci\u00f3n de especies marinas, contribuyendo a fortalecer la resiliencia de los oc\u00e9anos frente al cambio clim\u00e1tico.<\/p>\n<figure class=\"wp-block-gallery has-nested-images columns-default is-cropped wp-block-gallery-1 is-layout-flex wp-block-gallery-is-layout-flex\">\n<figure class=\"wp-block-image size-large\"><img loading=\"lazy\" decoding=\"async\" width=\"682\" height=\"1024\" data-id=\"647041\" src=\"https:\/\/cdn.deultimominuto.net\/wp-content\/uploads\/2026\/04\/WhatsApp-Image-2026-04-27-at-7.43.59-PM-2-682x1024.jpeg\" alt=\"Rita Sellar\u00e9s y FUNDEMAR son reconocidas en Premios Brugal Cree en su Gente por su labor en la conservaci\u00f3n marina - Noticias de hoy en Rep\u00fablica Dominicana | De \u00daltimo Minuto\" class=\"wp-image-647041\" title=\"Rita Sellar\u00e9s y FUNDEMAR son reconocidas en Premios Brugal Cree en su Gente por su labor en la conservaci\u00f3n marina | 1 |\"><\/figure>\n<figure class=\"wp-block-image size-large\"><img loading=\"lazy\" decoding=\"async\" width=\"1024\" height=\"682\" data-id=\"647042\" src=\"https:\/\/cdn.deultimominuto.net\/wp-content\/uploads\/2026\/04\/WhatsApp-Image-2026-04-27-at-7.43.59-PM-1-1024x682.jpeg\" alt=\"Rita Sellar\u00e9s y FUNDEMAR son reconocidas en Premios Brugal Cree en su Gente por su labor en la conservaci\u00f3n marina - Noticias de hoy en Rep\u00fablica Dominicana | De \u00daltimo Minuto\" class=\"wp-image-647042\" title=\"Rita Sellar\u00e9s y FUNDEMAR son reconocidas en Premios Brugal Cree en su Gente por su labor en la conservaci\u00f3n marina | 2 |\"><\/figure>\n<figure class=\"wp-block-image size-large\"><img loading=\"lazy\" decoding=\"async\" width=\"682\" height=\"1024\" data-id=\"647044\" src=\"https:\/\/cdn.deultimominuto.net\/wp-content\/uploads\/2026\/04\/WhatsApp-Image-2026-04-27-at-7.43.59-PM-682x1024.jpeg\" alt=\"Rita Sellar\u00e9s y FUNDEMAR son reconocidas en Premios Brugal Cree en su Gente por su labor en la conservaci\u00f3n marina - Noticias de hoy en Rep\u00fablica Dominicana | De \u00daltimo Minuto\" class=\"wp-image-647044\" title=\"Rita Sellar\u00e9s y FUNDEMAR son reconocidas en Premios Brugal Cree en su Gente por su labor en la conservaci\u00f3n marina | 3 |\"><\/figure>\n<figure class=\"wp-block-image size-large\"><img decoding=\"async\" loading=\"lazy\" width=\"682\" height=\"1024\" data-id=\"647043\" src=\"https:\/\/cdn.deultimominuto.net\/wp-content\/uploads\/2026\/04\/WhatsApp-Image-2026-04-27-at-7.43.58-PM-682x1024.jpeg\" alt=\"Rita Sellar\u00e9s y FUNDEMAR son reconocidas en Premios Brugal Cree en su Gente por su labor en la conservaci\u00f3n marina - Noticias de hoy en Rep\u00fablica Dominicana | De \u00daltimo Minuto\" class=\"wp-image-647043\" title=\"Rita Sellar\u00e9s y FUNDEMAR son reconocidas en Premios Brugal Cree en su Gente por su labor en la conservaci\u00f3n marina | 4 |\"><\/figure>\n<\/figure>\n<p>\u200bSanto Domingo, R.D. \u2013 La CEO de la Fundaci\u00f3n Dominicana de Estudios Marinos (FUNDEMAR), Rita Sellar\u00e9s, celebr\u00f3 el reconocimiento otorgado a la instituci\u00f3n durante los Premios Brugal Cree en su Gente, destacando el compromiso continuo con la protecci\u00f3n de los ecosistemas marinos del pa\u00eds. Durante una entrevista concedida a De \u00daltimo Minuto, Sellar\u00e9s comparti\u00f3 la\u00a0\u00a0Estilo, FUNDEMAR\u00a0\u00a0<\/p>\n","protected":false},"excerpt":{"rendered":"<p>Santo Domingo, R.D. \u2013 La CEO de la Fundaci\u00f3n Dominicana de Estudios Marinos (FUNDEMAR), Rita Sellar\u00e9s, celebr\u00f3 el reconocimiento otorgado a la instituci\u00f3n durante los Premios Brugal Cree en su Gente, destacando el compromiso continuo con la protecci\u00f3n de los ecosistemas marinos del pa\u00eds. Durante una entrevista concedida a De \u00daltimo Minuto, Sellar\u00e9s comparti\u00f3 la [&hellip;]<\/p>\n","protected":false},"author":1,"featured_media":25333,"comment_status":"open","ping_status":"open","sticky":false,"template":"","format":"standard","meta":{"amp_status":"","footnotes":""},"categories":[3],"tags":[],"class_list":["post-25332","post","type-post","status-publish","format-standard","has-post-thumbnail","hentry","category-de-ultimo-minuto"],"_links":{"self":[{"href":"https:\/\/ermdigital.com\/index.php\/wp-json\/wp\/v2\/posts\/25332","targetHints":{"allow":["GET"]}}],"collection":[{"href":"https:\/\/ermdigital.com\/index.php\/wp-json\/wp\/v2\/posts"}],"about":[{"href":"https:\/\/ermdigital.com\/index.php\/wp-json\/wp\/v2\/types\/post"}],"author":[{"embeddable":true,"href":"https:\/\/ermdigital.com\/index.php\/wp-json\/wp\/v2\/users\/1"}],"replies":[{"embeddable":true,"href":"https:\/\/ermdigital.com\/index.php\/wp-json\/wp\/v2\/comments?post=25332"}],"version-history":[{"count":0,"href":"https:\/\/ermdigital.com\/index.php\/wp-json\/wp\/v2\/posts\/25332\/revisions"}],"wp:featuredmedia":[{"embeddable":true,"href":"https:\/\/ermdigital.com\/index.php\/wp-json\/wp\/v2\/media\/25333"}],"wp:attachment":[{"href":"https:\/\/ermdigital.com\/index.php\/wp-json\/wp\/v2\/media?parent=25332"}],"wp:term":[{"taxonomy":"category","embeddable":true,"href":"https:\/\/ermdigital.com\/index.php\/wp-json\/wp\/v2\/categories?post=25332"},{"taxonomy":"post_tag","embeddable":true,"href":"https:\/\/ermdigital.com\/index.php\/wp-json\/wp\/v2\/tags?post=25332"}],"curies":[{"name":"wp","href":"https:\/\/api.w.org\/{rel}","templated":true}]}}