{"id":25330,"date":"2026-04-27T23:54:23","date_gmt":"2026-04-28T03:54:23","guid":{"rendered":"https:\/\/ermdigital.com\/index.php\/2026\/04\/27\/premios-brugal-cree-en-su-gente-resalta-impacto-social-y-reune-a-lideres-en-inspirador-panel\/"},"modified":"2026-04-27T23:54:23","modified_gmt":"2026-04-28T03:54:23","slug":"premios-brugal-cree-en-su-gente-resalta-impacto-social-y-reune-a-lideres-en-inspirador-panel","status":"publish","type":"post","link":"https:\/\/ermdigital.com\/index.php\/2026\/04\/27\/premios-brugal-cree-en-su-gente-resalta-impacto-social-y-reune-a-lideres-en-inspirador-panel\/","title":{"rendered":"Premios Brugal Cree en su Gente resalta impacto social y re\u00fane a l\u00edderes en inspirador panel"},"content":{"rendered":"<p><strong><em>Santo Domingo, R.D.<\/em> <\/strong>\u2013 Con la participaci\u00f3n de Augusto Ram\u00edrez Bon\u00f3, presidente de la Fundaci\u00f3n Brugal, y<a href=\"https:\/\/deultimominuto.net\/estilo\/lideres-empresariales\/\"> representantes <\/a>de las instituciones galardonadas, los Premios Brugal Cree en su Gente celebraron un panel-conversatorio enfocado en el impacto social y las iniciativas transformadoras que impulsan el desarrollo sostenible en el pa\u00eds.<\/p>\n<p>Durante el encuentro, se destac\u00f3 la labor de la Fundaci\u00f3n Dominicana de Estudios Marinos (FUNDEMAR) en el \u00e1mbito medioambiental, especialmente por liderar el primer programa nacional de criopreservaci\u00f3n de corales. Esta innovadora intervenci\u00f3n cient\u00edfica busca revertir la p\u00e9rdida de cobertura coralina en las costas dominicanas mediante la creaci\u00f3n de un banco gen\u00e9tico, considerado vital tanto para la biodiversidad marina como para la econom\u00eda nacional.<\/p>\n<p>Asimismo, se resalt\u00f3 el modelo educativo implementado por el Instituto T\u00e9cnico Salesiano Don Bosco (ITESIL) en Dajab\u00f3n. A trav\u00e9s de una formaci\u00f3n integral que combina educaci\u00f3n t\u00e9cnica, valores y la metodolog\u00eda STEAM, el centro promueve una conexi\u00f3n directa con el entorno productivo, facilitando que sus egresados se integren a la econom\u00eda local y aporten al desarrollo de sus comunidades.<\/p>\n<h5 class=\"wp-block-heading\"><strong>Recomendamos leer:<a href=\"https:\/\/deultimominuto.net\/entretenimiento\/rita-sellares-y-fundemar\/\">Rita Sellar\u00e9s y FUNDEMAR son reconocidas en Premios Brugal Cree en su Gente por su labor en la conservaci\u00f3n marina<\/a><br \/><\/strong><\/h5>\n<p>El panel sirvi\u00f3 como espacio de reflexi\u00f3n e inspiraci\u00f3n, reafirmando el compromiso de los Premios Brugal Cree en su Gente con el reconocimiento de iniciativas que generan cambios positivos y sostenibles en la sociedad dominicana.<\/p>\n<p>\u200bSanto Domingo, R.D. \u2013 Con la participaci\u00f3n de Augusto Ram\u00edrez Bon\u00f3, presidente de la Fundaci\u00f3n Brugal, y representantes de las instituciones galardonadas, los Premios Brugal Cree en su Gente celebraron un panel-conversatorio enfocado en el impacto social y las iniciativas transformadoras que impulsan el desarrollo sostenible en el pa\u00eds. Durante el encuentro, se destac\u00f3 la\u00a0\u00a0Estilo, Augusto Ram\u00edrez Bon\u00f3, FUNDEMAR\u00a0\u00a0<\/p>\n","protected":false},"excerpt":{"rendered":"<p>Santo Domingo, R.D. \u2013 Con la participaci\u00f3n de Augusto Ram\u00edrez Bon\u00f3, presidente de la Fundaci\u00f3n Brugal, y representantes de las instituciones galardonadas, los Premios Brugal Cree en su Gente celebraron un panel-conversatorio enfocado en el impacto social y las iniciativas transformadoras que impulsan el desarrollo sostenible en el pa\u00eds. Durante el encuentro, se destac\u00f3 la [&hellip;]<\/p>\n","protected":false},"author":1,"featured_media":25331,"comment_status":"open","ping_status":"open","sticky":false,"template":"","format":"standard","meta":{"amp_status":"","footnotes":""},"categories":[3],"tags":[],"class_list":["post-25330","post","type-post","status-publish","format-standard","has-post-thumbnail","hentry","category-de-ultimo-minuto"],"_links":{"self":[{"href":"https:\/\/ermdigital.com\/index.php\/wp-json\/wp\/v2\/posts\/25330","targetHints":{"allow":["GET"]}}],"collection":[{"href":"https:\/\/ermdigital.com\/index.php\/wp-json\/wp\/v2\/posts"}],"about":[{"href":"https:\/\/ermdigital.com\/index.php\/wp-json\/wp\/v2\/types\/post"}],"author":[{"embeddable":true,"href":"https:\/\/ermdigital.com\/index.php\/wp-json\/wp\/v2\/users\/1"}],"replies":[{"embeddable":true,"href":"https:\/\/ermdigital.com\/index.php\/wp-json\/wp\/v2\/comments?post=25330"}],"version-history":[{"count":0,"href":"https:\/\/ermdigital.com\/index.php\/wp-json\/wp\/v2\/posts\/25330\/revisions"}],"wp:featuredmedia":[{"embeddable":true,"href":"https:\/\/ermdigital.com\/index.php\/wp-json\/wp\/v2\/media\/25331"}],"wp:attachment":[{"href":"https:\/\/ermdigital.com\/index.php\/wp-json\/wp\/v2\/media?parent=25330"}],"wp:term":[{"taxonomy":"category","embeddable":true,"href":"https:\/\/ermdigital.com\/index.php\/wp-json\/wp\/v2\/categories?post=25330"},{"taxonomy":"post_tag","embeddable":true,"href":"https:\/\/ermdigital.com\/index.php\/wp-json\/wp\/v2\/tags?post=25330"}],"curies":[{"name":"wp","href":"https:\/\/api.w.org\/{rel}","templated":true}]}}