{"id":25328,"date":"2026-04-27T23:56:10","date_gmt":"2026-04-28T03:56:10","guid":{"rendered":"https:\/\/ermdigital.com\/index.php\/2026\/04\/27\/padre-chepe-resalta-la-educacion-integral-del-itesil-tras-recibir-reconocimiento-de-fundacion-brugal\/"},"modified":"2026-04-27T23:56:10","modified_gmt":"2026-04-28T03:56:10","slug":"padre-chepe-resalta-la-educacion-integral-del-itesil-tras-recibir-reconocimiento-de-fundacion-brugal","status":"publish","type":"post","link":"https:\/\/ermdigital.com\/index.php\/2026\/04\/27\/padre-chepe-resalta-la-educacion-integral-del-itesil-tras-recibir-reconocimiento-de-fundacion-brugal\/","title":{"rendered":"Padre Chepe resalta la educaci\u00f3n integral del ITESIL tras recibir reconocimiento de Fundaci\u00f3n Brugal"},"content":{"rendered":"<p><strong>Santo Domingo.<\/strong>\u2013 El reverendo padre Jos\u00e9 Rafael N\u00fa\u00f1ez M\u00e1rmol afirm\u00f3 que la educaci\u00f3n integral ha sido el eje central del modelo formativo del Instituto Tecnol\u00f3gico San Ignacio de Loyola, factor que considera determinante para que la instituci\u00f3n resultara galardonada en la m\u00e1s reciente edici\u00f3n de los Premios Brugal Cree en su Gente.<\/p>\n<p>Durante una entrevista concedida al medio De \u00daltimo Minuto, el director del ITESIL expres\u00f3 su satisfacci\u00f3n por el reconocimiento otorgado por Fundaci\u00f3n Brugal, destacando que el premio representa una apuesta por el potencial humano y el trabajo colectivo.<\/p>\n<blockquote class=\"wp-block-quote is-layout-flow wp-block-quote-is-layout-flow\">\n<p>\u201cEstamos muy contentos con este premio. Creer en la gente es espectacular, porque si uno no cree, no puede hacer nada. Creer en un equipo y en la gente potencializa las posibilidades\u201d, manifest\u00f3.<\/p>\n<\/blockquote>\n<p>Al referirse a las fortalezas del modelo educativo del ITESIL, el sacerdote explic\u00f3 que la principal caracter\u00edstica es la formaci\u00f3n integral del estudiante, enfocada no solo en el conocimiento acad\u00e9mico, sino tambi\u00e9n en el desarrollo emocional, psicol\u00f3gico, f\u00edsico, espiritual y social.<\/p>\n<p>\u201cNosotros no solamente nos fijamos en que el muchacho o la muchacha tenga conocimientos, sino en la formaci\u00f3n de la vida entera de esa persona\u201d, <a href=\"https:\/\/www.youtube.com\/@deultimominutotv\" data-type=\"link\" data-id=\"https:\/\/www.youtube.com\/@deultimominutotv\" target=\"_blank\" rel=\"noopener\">sostuvo<\/a>.<\/p>\n<h6 class=\"wp-block-heading has-text-align-center\"><strong>Tambi\u00e9n puedes leer: <a href=\"https:\/\/deultimominuto.net\/estilo\/lideres-empresariales\/\" data-type=\"link\" data-id=\"https:\/\/deultimominuto.net\/estilo\/lideres-empresariales\/\"> L\u00edderes empresariales y autoridades se dan cita en los Premios Brugal Cree en su Gente<\/a><\/strong><a href=\"https:\/\/deultimominuto.net\/category\/estilo\/\"><\/a><\/h6>\n<p>Detall\u00f3 que la propuesta educativa incorpora \u00e1reas como deporte, arte, matem\u00e1ticas, ciencias, historia y disciplinas sociales, con el objetivo de que esos aprendizajes se traduzcan en un impacto positivo en la vida del estudiante y en su comunidad.<\/p>\n<blockquote class=\"wp-block-quote is-layout-flow wp-block-quote-is-layout-flow\">\n<p>\u201cLa calidad de nuestra educaci\u00f3n no es solamente por la cantidad de conocimientos que tienen los muchachos, sino porque esos conocimientos tienen que impactar su vida y la vida de la comunidad\u201d, agreg\u00f3.<\/p>\n<\/blockquote>\n<p>El padre Chepe subray\u00f3 adem\u00e1s el papel del ITESIL como motor de transformaci\u00f3n en la zona fronteriza, espec\u00edficamente en Dajab\u00f3n, donde la instituci\u00f3n ha generado oportunidades educativas y de desarrollo para j\u00f3venes y familias de la regi\u00f3n.<\/p>\n<p>Asegur\u00f3 que educar a una persona implica tambi\u00e9n transformar su entorno familiar y social, fortaleciendo as\u00ed el tejido comunitario en territorios hist\u00f3ricamente marcados por limitaciones y falta de acceso a oportunidades.<\/p>\n<p>El ITESIL fue reconocido por su impacto en la formaci\u00f3n t\u00e9cnica y humana de j\u00f3venes, as\u00ed como por su contribuci\u00f3n al desarrollo socioecon\u00f3mico de la zona fronteriza bajo una visi\u00f3n educativa con valores y principios jesuitas.<\/p>\n<p>\u200bSanto Domingo.\u2013 El reverendo padre Jos\u00e9 Rafael N\u00fa\u00f1ez M\u00e1rmol afirm\u00f3 que la educaci\u00f3n integral ha sido el eje central del modelo formativo del Instituto Tecnol\u00f3gico San Ignacio de Loyola, factor que considera determinante para que la instituci\u00f3n resultara galardonada en la m\u00e1s reciente edici\u00f3n de los Premios Brugal Cree en su Gente. Durante una entrevista\u00a0\u00a0Estilo\u00a0\u00a0<\/p>\n","protected":false},"excerpt":{"rendered":"<p>Santo Domingo.\u2013 El reverendo padre Jos\u00e9 Rafael N\u00fa\u00f1ez M\u00e1rmol afirm\u00f3 que la educaci\u00f3n integral ha sido el eje central del modelo formativo del Instituto Tecnol\u00f3gico San Ignacio de Loyola, factor que considera determinante para que la instituci\u00f3n resultara galardonada en la m\u00e1s reciente edici\u00f3n de los Premios Brugal Cree en su Gente. Durante una entrevista [&hellip;]<\/p>\n","protected":false},"author":1,"featured_media":25329,"comment_status":"open","ping_status":"open","sticky":false,"template":"","format":"standard","meta":{"amp_status":"","footnotes":""},"categories":[3],"tags":[],"class_list":["post-25328","post","type-post","status-publish","format-standard","has-post-thumbnail","hentry","category-de-ultimo-minuto"],"_links":{"self":[{"href":"https:\/\/ermdigital.com\/index.php\/wp-json\/wp\/v2\/posts\/25328","targetHints":{"allow":["GET"]}}],"collection":[{"href":"https:\/\/ermdigital.com\/index.php\/wp-json\/wp\/v2\/posts"}],"about":[{"href":"https:\/\/ermdigital.com\/index.php\/wp-json\/wp\/v2\/types\/post"}],"author":[{"embeddable":true,"href":"https:\/\/ermdigital.com\/index.php\/wp-json\/wp\/v2\/users\/1"}],"replies":[{"embeddable":true,"href":"https:\/\/ermdigital.com\/index.php\/wp-json\/wp\/v2\/comments?post=25328"}],"version-history":[{"count":0,"href":"https:\/\/ermdigital.com\/index.php\/wp-json\/wp\/v2\/posts\/25328\/revisions"}],"wp:featuredmedia":[{"embeddable":true,"href":"https:\/\/ermdigital.com\/index.php\/wp-json\/wp\/v2\/media\/25329"}],"wp:attachment":[{"href":"https:\/\/ermdigital.com\/index.php\/wp-json\/wp\/v2\/media?parent=25328"}],"wp:term":[{"taxonomy":"category","embeddable":true,"href":"https:\/\/ermdigital.com\/index.php\/wp-json\/wp\/v2\/categories?post=25328"},{"taxonomy":"post_tag","embeddable":true,"href":"https:\/\/ermdigital.com\/index.php\/wp-json\/wp\/v2\/tags?post=25328"}],"curies":[{"name":"wp","href":"https:\/\/api.w.org\/{rel}","templated":true}]}}