{"id":25326,"date":"2026-04-28T00:22:28","date_gmt":"2026-04-28T04:22:28","guid":{"rendered":"https:\/\/ermdigital.com\/index.php\/2026\/04\/28\/mlb-max-scherzer-de-toronto-va-a-la-lista-de-lesionados\/"},"modified":"2026-04-28T00:22:28","modified_gmt":"2026-04-28T04:22:28","slug":"mlb-max-scherzer-de-toronto-va-a-la-lista-de-lesionados","status":"publish","type":"post","link":"https:\/\/ermdigital.com\/index.php\/2026\/04\/28\/mlb-max-scherzer-de-toronto-va-a-la-lista-de-lesionados\/","title":{"rendered":"MLB: Max Scherzer de Toronto va a la lista de lesionados"},"content":{"rendered":"<p>\u00a0\u00a0<\/p>\n<p>El tres veces ganador del premio Cy Young, <strong data-path-to-node=\"3\" data-index-in-node=\"58\">Max Scherzer<\/strong>, fue colocado este lunes en la <strong>lista de lesionados<\/strong> de 15 d\u00edas por los <strong data-path-to-node=\"3\" data-index-in-node=\"141\">Azulejos de Toronto<\/strong> debido a una tendinitis en el antebrazo derecho y una inflamaci\u00f3n en el tobillo izquierdo.<\/p>\n<p><strong>Scherzer<\/strong>, el derecho de 41 a\u00f1os, tiene una marca de <span>1-3 con una efectividad de 9.64<\/span> en cinco aperturas en lo que va de la temporada. <\/p>\n<p><strong>Toronto<\/strong> hizo que el movimiento a la <strong>lista de lesionados<\/strong> fuera retroactivo al s\u00e1bado y convoc\u00f3 al lanzador derecho <strong data-path-to-node=\"4\" data-index-in-node=\"247\">Chase Lee<\/strong> desde la sucursal de Triple-A en Buffalo para ocupar su lugar.<\/p>\n<p><strong>Scherzer<\/strong>, quien fue el abridor del Juego 7 de la <strong>Serie Mundial<\/strong> del a\u00f1o pasado, permaneci\u00f3 con los Azulejos tras acordar un <strong>contrato de un a\u00f1o<\/strong> y <strong data-path-to-node=\"5\" data-index-in-node=\"144\">3 millones de d\u00f3lares<\/strong>, el cual incluye incentivos que le permitir\u00edan ganar hasta 10 millones de d\u00f3lares en bonos por rendimiento, basados en las entradas lanzadas a partir de los 65 innings.<\/p>\n<p>En su \u00faltima actuaci\u00f3n el pasado viernes, <strong>Scherzer<\/strong> permiti\u00f3 siete carreras y seis hits, incluyendo tres jonrones, en apenas <strong data-path-to-node=\"6\" data-index-in-node=\"124\">2 entradas y un tercio<\/strong> durante la derrota 8-6 ante Cleveland. Esta represent\u00f3 la tercera ocasi\u00f3n en esta temporada en la que <strong>Scherzer<\/strong> no logr\u00f3 completar los tres episodios de labor.<\/p>\n<p>Previamente, el veterano hab\u00eda abandonado su apertura del <strong>6 de abril<\/strong> contra los Dodgers de Los \u00c1ngeles debido a <strong>dolores en el antebrazo<\/strong>. Posteriormente, permiti\u00f3 ocho carreras y cinco hits en <strong>2 entradas y un tercio<\/strong> en una derrota el 12 de abril ante Minnesota.<\/p>\n<p><strong>Scherzer<\/strong>, ocho veces seleccionado al Juego de Estrellas, tuvo un r\u00e9cord de 5-5 con una efectividad de 5.19 en <strong>17 aperturas<\/strong> y 85 entradas con los Azulejos la temporada pasada. <\/p>\n<p>Realiz\u00f3 tres aperturas en la postemporada, destacando su <strong>victoria sobre Seattle<\/strong> por 8-2 en el Juego 4 de la Serie de Campeonato de la Liga Americana, adem\u00e1s de abrir dos encuentros en la <strong>Serie Mundial<\/strong> contra los Dodgers.<\/p>\n<div class=\"w-full pt-2 float-left inside-related\"><strong>RELACIONADAS<\/strong><\/p>\n<article class=\"flex flex-wrap border-b pb-4 mb-3 inline-block\">\n<div class=\"xl:w-2\/12 w-4\/12\">\n<figure class=\"mb-0\"><img loading=\"lazy\" decoding=\"async\" src=\"https:\/\/resources.diariolibre.com\/images\/2025\/04\/28\/ap25118735535729-6a5ee13a-focus-min0.03-0.5-149-99.jpg\" width=\"149\" height=\"99\" title=\"Rob Manfred reafirma su compromiso con M\u00e9xico: Los juegos de Grandes Ligas llegaron para quedarse\" alt=\"Rob Manfred reafirma su compromiso con M\u00e9xico: Los juegos de Grandes Ligas llegaron para quedarse\" class=\"object-cover\" \/><\/figure>\n<\/div>\n<\/article>\n<article class=\"flex flex-wrap border-b pb-4 mb-3 inline-block\">\n<div class=\"xl:w-2\/12 w-4\/12\">\n<figure class=\"mb-0\"><img loading=\"lazy\" decoding=\"async\" src=\"https:\/\/resources.diariolibre.com\/images\/2026\/04\/23\/mlb-international-showcase-2026-reune-talento-global-en-el-pais-a248adf8-focus-0-0-149-99.jpg\" width=\"149\" height=\"99\" title=\"MLB International Showcase 2026 re\u00fane talento global en RD\" alt=\"MLB International Showcase 2026 re\u00fane talento global en RD\" class=\"object-cover\" \/><\/figure>\n<\/div>\n<\/article>\n<article class=\"flex flex-wrap border-b pb-4 mb-3 inline-block\">\n<div class=\"xl:w-2\/12 w-4\/12\">\n<figure class=\"mb-0\"><img loading=\"lazy\" decoding=\"async\" src=\"https:\/\/resources.diariolibre.com\/images\/2026\/04\/23\/imagen-afp202603242268173954v2highreslosangelesangelsvlosangelesdodgers-051a443b-focus-0-0-149-99.jpg\" width=\"149\" height=\"99\" title=\"Lucha obrero-patronal en MLB: con tufo de huelga\" alt=\"Lucha obrero-patronal en MLB: con tufo de huelga\" class=\"object-cover\" \/><\/figure>\n<\/div>\n<\/article>\n<\/div>\n<p>A lo largo de su carrera, Scherzer ha ganado t\u00edtulos con Washington en 2019 y con Texas en 2023. Actualmente ocupa el puesto 11 en la lista hist\u00f3rica de ponches con 3,499, situ\u00e1ndose a solo 10 de empatar al miembro del Sal\u00f3n de la Fama, <strong>Walter Johnson.<\/strong><\/p>\n<hr data-path-to-node=\"10\" \/>\n<div class=\"border-t border-b py-2 my-5 tags-container\"><strong>TEMAS &#8211; <\/strong><\/p>\n<ul>\n<li><\/li>\n<li>\n<div class=\"inline-block border p-2 rounded-full align-middle\">\n<p><a href=\"https:\/\/www.diariolibre.com\/tags\/grandes-ligas\/268\" title=\"Grandes Ligas\">Grandes Ligas<\/a><\/p>\n<\/div>\n<\/li>\n<li>\n<div class=\"inline-block border p-2 rounded-full align-middle\">\n<p><a href=\"https:\/\/www.diariolibre.com\/tags\/max-scherzer\/7697\" title=\"Max Scherzer\">Max Scherzer<\/a><\/p>\n<\/div>\n<\/li>\n<\/ul>\n<\/div>\n<p>\u00a0<\/p>\n","protected":false},"excerpt":{"rendered":"<p>\u00a0\u00a0 El tres veces ganador del premio Cy Young, Max Scherzer, fue colocado este lunes en la lista de lesionados de 15 d\u00edas por los Azulejos de Toronto debido a una tendinitis en el antebrazo derecho y una inflamaci\u00f3n en el tobillo izquierdo. Scherzer, el derecho de 41 a\u00f1os, tiene una marca de 1-3 con [&hellip;]<\/p>\n","protected":false},"author":1,"featured_media":25327,"comment_status":"open","ping_status":"open","sticky":false,"template":"","format":"standard","meta":{"amp_status":"","footnotes":""},"categories":[4],"tags":[],"class_list":["post-25326","post","type-post","status-publish","format-standard","has-post-thumbnail","hentry","category-deportes"],"_links":{"self":[{"href":"https:\/\/ermdigital.com\/index.php\/wp-json\/wp\/v2\/posts\/25326","targetHints":{"allow":["GET"]}}],"collection":[{"href":"https:\/\/ermdigital.com\/index.php\/wp-json\/wp\/v2\/posts"}],"about":[{"href":"https:\/\/ermdigital.com\/index.php\/wp-json\/wp\/v2\/types\/post"}],"author":[{"embeddable":true,"href":"https:\/\/ermdigital.com\/index.php\/wp-json\/wp\/v2\/users\/1"}],"replies":[{"embeddable":true,"href":"https:\/\/ermdigital.com\/index.php\/wp-json\/wp\/v2\/comments?post=25326"}],"version-history":[{"count":0,"href":"https:\/\/ermdigital.com\/index.php\/wp-json\/wp\/v2\/posts\/25326\/revisions"}],"wp:featuredmedia":[{"embeddable":true,"href":"https:\/\/ermdigital.com\/index.php\/wp-json\/wp\/v2\/media\/25327"}],"wp:attachment":[{"href":"https:\/\/ermdigital.com\/index.php\/wp-json\/wp\/v2\/media?parent=25326"}],"wp:term":[{"taxonomy":"category","embeddable":true,"href":"https:\/\/ermdigital.com\/index.php\/wp-json\/wp\/v2\/categories?post=25326"},{"taxonomy":"post_tag","embeddable":true,"href":"https:\/\/ermdigital.com\/index.php\/wp-json\/wp\/v2\/tags?post=25326"}],"curies":[{"name":"wp","href":"https:\/\/api.w.org\/{rel}","templated":true}]}}