{"id":25324,"date":"2026-04-28T00:22:28","date_gmt":"2026-04-28T04:22:28","guid":{"rendered":"https:\/\/ermdigital.com\/index.php\/2026\/04\/28\/jjoo-2028-allyson-felix-la-atleta-olimpica-mas-laureada-regresa\/"},"modified":"2026-04-28T00:22:28","modified_gmt":"2026-04-28T04:22:28","slug":"jjoo-2028-allyson-felix-la-atleta-olimpica-mas-laureada-regresa","status":"publish","type":"post","link":"https:\/\/ermdigital.com\/index.php\/2026\/04\/28\/jjoo-2028-allyson-felix-la-atleta-olimpica-mas-laureada-regresa\/","title":{"rendered":"JJOO 2028: Allyson Felix, la atleta ol\u00edmpica m\u00e1s laureada regresa"},"content":{"rendered":"<p>\u00a0\u00a0<\/p>\n<p>La estadounidense <strong>Allyson Felix<\/strong>, la mujer m\u00e1s laureada en la historia del <strong>atletismo<\/strong> ol\u00edmpico con once medallas, dijo en una entrevista publicada este lunes que planea competir en los Juegos de Los \u00c1ngeles 2028, tras ausentarse en Par\u00eds 2024.<\/p>\n<p>En un art\u00edculo de la <strong>revista Time<\/strong>, Felix asegur\u00f3 que se est\u00e1 preparando para la que espera sea su <strong>sexta participaci\u00f3n ol\u00edmpica<\/strong>, que se dar\u00eda en su ciudad natal y cuando ella tenga 42 a\u00f1os.<\/p>\n<p>\"Este es un <strong>regreso a casa<\/strong> \u00fanico en la vida\", coment\u00f3 Felix, de <strong>40 a\u00f1os<\/strong>. \"Es lo \u00fanico con la fuerza suficiente para hacerme volver\".<\/p>\n<h2>Trayectoria y logros ol\u00edmpicos de <strong>Allyson Felix<\/strong><\/h2>\n<p>La estadounidense es la <strong>atleta ol\u00edmpica<\/strong> <strong>m\u00e1s condecorada<\/strong> en la disciplina de <strong>atletismo<\/strong>.<\/p>\n<p>Conquist\u00f3 su \u00fanica <strong>medalla de oro<\/strong> individual en la prueba de los <strong>200 metros<\/strong> en Londres 2012, pero sum\u00f3 oros colectivos en el <strong>relevo 4&#215;400<\/strong> en Pek\u00edn 2008, Londres 2012, Rio de Janeiro 2016 y Tokio 2021; y obtuvo t\u00edtulos en el relevo 4&#215;100 en 2012 y 2016.<\/p>\n<p>Asimismo, se colg\u00f3 la plata en los <strong>200 metros<\/strong> en 2004 y 2008, y la misma presea en los <strong>400 metros<\/strong> en 2016. En Tokio obtuvo el bronce en los <strong>400 metros<\/strong>.<\/p>\n<h2>Reflexiones y compromiso de Felix tras Par\u00eds 2024<\/h2>\n<p>Felix ha sido una firme defensora de las mujeres que retoman la competici\u00f3n deportiva tras haber tenido <strong>hijos<\/strong>. Ella dio a luz a una hija en 2018 y a un hijo en 2024.<\/p>\n<p>Asisti\u00f3 a los Juegos Ol\u00edmpicos de Par\u00eds 2024 en calidad de <strong>espectadora<\/strong> y descubri\u00f3 que a\u00f1oraba sus d\u00edas de competici\u00f3n.<\/p>\n<p>\"Sin duda, fueron <strong>emociones encontradas<\/strong>\", confes\u00f3 Felix a Time. \"Hubo <strong>momentos<\/strong> en los que pens\u00e9: 'Oh, esto es fant\u00e1stico. Es tan emocionante estar en las gradas y vivirlo desde el otro lado'\".<\/p>\n<p>\"Y luego hubo <strong>momentos<\/strong> en los que pens\u00e9: '\u00bfSabes? Extra\u00f1o esta sensaci\u00f3n'\".<\/p>\n<p>Felix tambi\u00e9n gan\u00f3 la cifra r\u00e9cord de <strong>20 medallas<\/strong> en los <strong>Campeonatos Mundiales<\/strong> \u2014la mayor cantidad obtenida por cualquier atleta, hombre o mujer\u2014, incluyendo <strong>14 t\u00edtulos<\/strong>.<\/p>\n<p>La deportista, que tambi\u00e9n es miembro de la <strong>Comisi\u00f3n de Atletas<\/strong> del <strong>Comit\u00e9 Organizador<\/strong> de los Juegos Ol\u00edmpicos de Los \u00c1ngeles 2028, afirm\u00f3 ser <strong>realista<\/strong> respecto a su <strong>objetivo<\/strong>.<\/p>\n<div class=\"w-full pt-2 float-left inside-related\"><strong>RELACIONADAS<\/strong><\/p>\n<article class=\"flex flex-wrap border-b pb-4 mb-3 inline-block\">\n<div class=\"xl:w-2\/12 w-4\/12\">\n<figure class=\"mb-0\"><img loading=\"lazy\" decoding=\"async\" src=\"https:\/\/resources.diariolibre.com\/images\/2022\/07\/27\/ap22205038723754-0e372d9d-focus-0.13-0.62-149-99.jpg\" width=\"149\" height=\"99\" title=\"Allyson Felix y Alistair Brownlee, entre nuevos miembros Comisi\u00f3n Atletas COI\" alt=\"Allyson Felix y Alistair Brownlee, entre nuevos miembros Comisi\u00f3n Atletas COI\" class=\"object-cover\" \/><\/figure>\n<\/div>\n<\/article>\n<article class=\"flex flex-wrap border-b pb-4 mb-3 inline-block\">\n<div class=\"xl:w-2\/12 w-4\/12\">\n<figure class=\"mb-0\"><img loading=\"lazy\" decoding=\"async\" src=\"https:\/\/resources.diariolibre.com\/images\/2022\/07\/14\/5adb32ef703d468fb507bf43dcedf6e6-ca9c7154-focus-0-0-149-99.jpg\" width=\"149\" height=\"99\" title=\"Allyson Felix reflexiona sobre su huella en el mundo del atletismo\" alt=\"Allyson Felix reflexiona sobre su huella en el mundo del atletismo\" class=\"object-cover\" \/><\/figure>\n<\/div>\n<\/article>\n<article class=\"flex flex-wrap border-b pb-4 mb-3 inline-block\">\n<div class=\"xl:w-2\/12 w-4\/12\">\n<figure class=\"mb-0\"><img loading=\"lazy\" decoding=\"async\" src=\"https:\/\/resources.diariolibre.com\/images\/2022\/04\/14\/un-jugador-de-atletismo-3dc2681e-focus-0-0-149-99.jpg\" width=\"149\" height=\"99\" title=\"Se retira Allyson Felix, la atleta estadounidense con m\u00e1s medallas ol\u00edmpicas\" alt=\"Se retira Allyson Felix, la atleta estadounidense con m\u00e1s medallas ol\u00edmpicas\" class=\"object-cover\" \/><\/figure>\n<\/div>\n<\/article>\n<\/div>\n<p>\"S\u00e9 que a los <strong>40 a\u00f1os<\/strong> ya no me encuentro en mi plenitud deportiva. No me hago ilusiones al respecto\", reconoci\u00f3.<\/p>\n<p>\"Probablemente me reprochar\u00eda a m\u00ed misma no haberlo intentado\", agreg\u00f3. \"Independientemente del <strong>resultado<\/strong>, estar\u00e9 all\u00ed con mis <strong>hijos<\/strong>, disfrutando del ambiente y animando a todos los competidores\".<\/p>\n<p>js\/jc\/ag\/raa\/<\/p>\n<div class=\"border-t border-b py-2 my-5 tags-container\"><strong>TEMAS &#8211; <\/strong><\/p>\n<ul>\n<li>\n<div class=\"inline-block border p-2 rounded-full align-middle\">\n<p><a href=\"https:\/\/www.diariolibre.com\/tags\/jjoo-2028\/303804\" title=\"JJOO 2028\">JJOO 2028<\/a><\/p>\n<\/div>\n<\/li>\n<li>\n<div class=\"inline-block border p-2 rounded-full align-middle\">\n<p><a href=\"https:\/\/www.diariolibre.com\/tags\/allyson-felix\/65876\" title=\"Allyson Felix\">Allyson Felix<\/a><\/p>\n<\/div>\n<\/li>\n<\/ul>\n<\/div>\n<p>\u00a0<\/p>\n","protected":false},"excerpt":{"rendered":"<p>\u00a0\u00a0 La estadounidense Allyson Felix, la mujer m\u00e1s laureada en la historia del atletismo ol\u00edmpico con once medallas, dijo en una entrevista publicada este lunes que planea competir en los Juegos de Los \u00c1ngeles 2028, tras ausentarse en Par\u00eds 2024. En un art\u00edculo de la revista Time, Felix asegur\u00f3 que se est\u00e1 preparando para la [&hellip;]<\/p>\n","protected":false},"author":1,"featured_media":25325,"comment_status":"open","ping_status":"open","sticky":false,"template":"","format":"standard","meta":{"amp_status":"","footnotes":""},"categories":[4],"tags":[],"class_list":["post-25324","post","type-post","status-publish","format-standard","has-post-thumbnail","hentry","category-deportes"],"_links":{"self":[{"href":"https:\/\/ermdigital.com\/index.php\/wp-json\/wp\/v2\/posts\/25324","targetHints":{"allow":["GET"]}}],"collection":[{"href":"https:\/\/ermdigital.com\/index.php\/wp-json\/wp\/v2\/posts"}],"about":[{"href":"https:\/\/ermdigital.com\/index.php\/wp-json\/wp\/v2\/types\/post"}],"author":[{"embeddable":true,"href":"https:\/\/ermdigital.com\/index.php\/wp-json\/wp\/v2\/users\/1"}],"replies":[{"embeddable":true,"href":"https:\/\/ermdigital.com\/index.php\/wp-json\/wp\/v2\/comments?post=25324"}],"version-history":[{"count":0,"href":"https:\/\/ermdigital.com\/index.php\/wp-json\/wp\/v2\/posts\/25324\/revisions"}],"wp:featuredmedia":[{"embeddable":true,"href":"https:\/\/ermdigital.com\/index.php\/wp-json\/wp\/v2\/media\/25325"}],"wp:attachment":[{"href":"https:\/\/ermdigital.com\/index.php\/wp-json\/wp\/v2\/media?parent=25324"}],"wp:term":[{"taxonomy":"category","embeddable":true,"href":"https:\/\/ermdigital.com\/index.php\/wp-json\/wp\/v2\/categories?post=25324"},{"taxonomy":"post_tag","embeddable":true,"href":"https:\/\/ermdigital.com\/index.php\/wp-json\/wp\/v2\/tags?post=25324"}],"curies":[{"name":"wp","href":"https:\/\/api.w.org\/{rel}","templated":true}]}}