{"id":25306,"date":"2026-04-28T00:00:00","date_gmt":"2026-04-28T04:00:00","guid":{"rendered":"https:\/\/ermdigital.com\/index.php\/2026\/04\/28\/anthony-santos-como-profeta-en-su-tierra-protagonizara-fiesta-en-las-matas-de-santa-cruz\/"},"modified":"2026-04-28T00:00:00","modified_gmt":"2026-04-28T04:00:00","slug":"anthony-santos-como-profeta-en-su-tierra-protagonizara-fiesta-en-las-matas-de-santa-cruz","status":"publish","type":"post","link":"https:\/\/ermdigital.com\/index.php\/2026\/04\/28\/anthony-santos-como-profeta-en-su-tierra-protagonizara-fiesta-en-las-matas-de-santa-cruz\/","title":{"rendered":"Anthony Santos como profeta en su tierra protagonizar\u00e1 fiesta en Las Matas de Santa Cruz"},"content":{"rendered":"<p>&lt;![CDATA[<\/p>\n<p>Anthony Santos, se prepara para reencontrarse con su gente este s\u00e1bado 2 de mayo en la Explanada Puntual Club de Las Matas de Santa Cruz.\u00a0<\/p>\n<p><a href=\"https:\/\/listindiario.com\/entretenimiento\/conciertos\/20260428\/anthony-santos-profeta-tierra-protagonizara-fiesta-matas-santa-cruz_903537.html\">wf_cms.rss.read_more<\/a><\/p>\n<p>]]&gt;<\/p>\n<p>\u200bEl concierto de este s\u00e1bado 2 de mayo se enmarca dentro de las tradicionales Fiestas Patronales La Sant\u00edsima Cruz, aprovechando el feriado del fin de semana largo para atraer a miles de seguidores de todo el pa\u00eds y del extranjero hacia la tierra natal del artista.\u00a0\u00a0Conciertos\u00a0<\/p>\n","protected":false},"excerpt":{"rendered":"<p>&lt;![CDATA[ Anthony Santos, se prepara para reencontrarse con su gente este s\u00e1bado 2 de mayo en la Explanada Puntual Club de Las Matas de Santa Cruz.\u00a0 wf_cms.rss.read_more ]]&gt; \u200bEl concierto de este s\u00e1bado 2 de mayo se enmarca dentro de las tradicionales Fiestas Patronales La Sant\u00edsima Cruz, aprovechando el feriado del fin de semana largo [&hellip;]<\/p>\n","protected":false},"author":1,"featured_media":25307,"comment_status":"open","ping_status":"open","sticky":false,"template":"","format":"standard","meta":{"amp_status":"","footnotes":""},"categories":[9],"tags":[],"class_list":["post-25306","post","type-post","status-publish","format-standard","has-post-thumbnail","hentry","category-espectaculo"],"_links":{"self":[{"href":"https:\/\/ermdigital.com\/index.php\/wp-json\/wp\/v2\/posts\/25306","targetHints":{"allow":["GET"]}}],"collection":[{"href":"https:\/\/ermdigital.com\/index.php\/wp-json\/wp\/v2\/posts"}],"about":[{"href":"https:\/\/ermdigital.com\/index.php\/wp-json\/wp\/v2\/types\/post"}],"author":[{"embeddable":true,"href":"https:\/\/ermdigital.com\/index.php\/wp-json\/wp\/v2\/users\/1"}],"replies":[{"embeddable":true,"href":"https:\/\/ermdigital.com\/index.php\/wp-json\/wp\/v2\/comments?post=25306"}],"version-history":[{"count":0,"href":"https:\/\/ermdigital.com\/index.php\/wp-json\/wp\/v2\/posts\/25306\/revisions"}],"wp:featuredmedia":[{"embeddable":true,"href":"https:\/\/ermdigital.com\/index.php\/wp-json\/wp\/v2\/media\/25307"}],"wp:attachment":[{"href":"https:\/\/ermdigital.com\/index.php\/wp-json\/wp\/v2\/media?parent=25306"}],"wp:term":[{"taxonomy":"category","embeddable":true,"href":"https:\/\/ermdigital.com\/index.php\/wp-json\/wp\/v2\/categories?post=25306"},{"taxonomy":"post_tag","embeddable":true,"href":"https:\/\/ermdigital.com\/index.php\/wp-json\/wp\/v2\/tags?post=25306"}],"curies":[{"name":"wp","href":"https:\/\/api.w.org\/{rel}","templated":true}]}}