{"id":25302,"date":"2026-04-28T00:00:00","date_gmt":"2026-04-28T04:00:00","guid":{"rendered":"https:\/\/ermdigital.com\/index.php\/2026\/04\/28\/usuarios-piden-retiro-de-basura-en-esquina-de-la-maternidad-de-los-mina\/"},"modified":"2026-04-28T00:00:00","modified_gmt":"2026-04-28T04:00:00","slug":"usuarios-piden-retiro-de-basura-en-esquina-de-la-maternidad-de-los-mina","status":"publish","type":"post","link":"https:\/\/ermdigital.com\/index.php\/2026\/04\/28\/usuarios-piden-retiro-de-basura-en-esquina-de-la-maternidad-de-los-mina\/","title":{"rendered":"Usuarios piden retiro de basura en esquina de la Maternidad de Los Mina\u00a0"},"content":{"rendered":"<p>&lt;![CDATA[<\/p>\n<p>Usuarios de los servicios del <b>Hospital Materno Infantil San Lorenzo de Los Mina<\/b>, transe\u00fantes y comunitarios denunciaron el <b>\u201cfoco de contaminaci\u00f3n\u201d <\/b>que representa el estancamiento de aguas negras y el c\u00famulo de desechos s\u00f3lidos en <b>una de las esquinas del centro m\u00e9dico<\/b>.<\/p>\n<p><a href=\"https:\/\/listindiario.com\/la-republica\/sector-salud\/20260428\/usuarios-piden-retiro-basura-esquina-maternidad-mina_903510.html\">wf_cms.rss.read_more<\/a><\/p>\n<p>]]&gt;<\/p>\n<p>\u200bLos transe\u00fantes se\u00f1alan que la problem\u00e1tica no solo afecta al centro m\u00e9dico, sino tambi\u00e9n a la sede central de Comedores Econ\u00f3micos del Estado y una Farmacia del Pueblo del Programa de Medicamentos Esenciales y Central de Apoyo Log\u00edstico (Promese\/CAL).\u00a0\u00a0Sector Salud\u00a0<\/p>\n","protected":false},"excerpt":{"rendered":"<p>&lt;![CDATA[ Usuarios de los servicios del Hospital Materno Infantil San Lorenzo de Los Mina, transe\u00fantes y comunitarios denunciaron el \u201cfoco de contaminaci\u00f3n\u201d que representa el estancamiento de aguas negras y el c\u00famulo de desechos s\u00f3lidos en una de las esquinas del centro m\u00e9dico. wf_cms.rss.read_more ]]&gt; \u200bLos transe\u00fantes se\u00f1alan que la problem\u00e1tica no solo afecta al [&hellip;]<\/p>\n","protected":false},"author":1,"featured_media":25303,"comment_status":"open","ping_status":"open","sticky":false,"template":"","format":"standard","meta":{"amp_status":"","footnotes":""},"categories":[5],"tags":[],"class_list":["post-25302","post","type-post","status-publish","format-standard","has-post-thumbnail","hentry","category-politica"],"_links":{"self":[{"href":"https:\/\/ermdigital.com\/index.php\/wp-json\/wp\/v2\/posts\/25302","targetHints":{"allow":["GET"]}}],"collection":[{"href":"https:\/\/ermdigital.com\/index.php\/wp-json\/wp\/v2\/posts"}],"about":[{"href":"https:\/\/ermdigital.com\/index.php\/wp-json\/wp\/v2\/types\/post"}],"author":[{"embeddable":true,"href":"https:\/\/ermdigital.com\/index.php\/wp-json\/wp\/v2\/users\/1"}],"replies":[{"embeddable":true,"href":"https:\/\/ermdigital.com\/index.php\/wp-json\/wp\/v2\/comments?post=25302"}],"version-history":[{"count":0,"href":"https:\/\/ermdigital.com\/index.php\/wp-json\/wp\/v2\/posts\/25302\/revisions"}],"wp:featuredmedia":[{"embeddable":true,"href":"https:\/\/ermdigital.com\/index.php\/wp-json\/wp\/v2\/media\/25303"}],"wp:attachment":[{"href":"https:\/\/ermdigital.com\/index.php\/wp-json\/wp\/v2\/media?parent=25302"}],"wp:term":[{"taxonomy":"category","embeddable":true,"href":"https:\/\/ermdigital.com\/index.php\/wp-json\/wp\/v2\/categories?post=25302"},{"taxonomy":"post_tag","embeddable":true,"href":"https:\/\/ermdigital.com\/index.php\/wp-json\/wp\/v2\/tags?post=25302"}],"curies":[{"name":"wp","href":"https:\/\/api.w.org\/{rel}","templated":true}]}}