{"id":25300,"date":"2026-04-28T00:00:00","date_gmt":"2026-04-28T04:00:00","guid":{"rendered":"https:\/\/ermdigital.com\/index.php\/2026\/04\/28\/comision-de-duquesa-niega-que-carne-y-medicina-incautadas-provenga-del-vertedero\/"},"modified":"2026-04-28T00:00:00","modified_gmt":"2026-04-28T04:00:00","slug":"comision-de-duquesa-niega-que-carne-y-medicina-incautadas-provenga-del-vertedero","status":"publish","type":"post","link":"https:\/\/ermdigital.com\/index.php\/2026\/04\/28\/comision-de-duquesa-niega-que-carne-y-medicina-incautadas-provenga-del-vertedero\/","title":{"rendered":"Comisi\u00f3n de Duquesa niega que carne y medicina incautadas provenga del vertedero\u00a0"},"content":{"rendered":"<p>&lt;![CDATA[<\/p>\n<p><b>La Comisi\u00f3n por el Desarrollo<\/b> del Relleno Sanitario de <b>Duquesa<\/b> asegur\u00f3 que el reciente allanamiento realizado por la Polic\u00eda Nacional, donde incaut\u00f3 m\u00e1s <b>de diez mil libras de carne da\u00f1ada,<\/b> adem\u00e1s de otros productos vencidos y falsificados, entre ellos medicamentos, <b>no proviene del vertedero.<\/b><\/p>\n<p><a href=\"https:\/\/listindiario.com\/la-republica\/20260428\/comision-duquesa-niega-carne-medicina-incautadas-provenga-vertedero_903512.html\">wf_cms.rss.read_more<\/a><\/p>\n<p>]]&gt;<\/p>\n<p>\u200b\u201cDe lo que la poblaci\u00f3n puede estar segura es que eso no sale de aqu\u00ed. Hay un sinn\u00famero de negocios que est\u00e1n fuera de Duquesa, fuera de este per\u00edmetro, cosas con las cuales nosotros no tenemos ninguna restricci\u00f3n\u201d, declar\u00f3 C\u00e9sar Norbeto Mart\u00ednez, comisionado del Ministerio de Medio Ambiente.\u00a0\u00a0La Rep\u00fablica\u00a0<\/p>\n","protected":false},"excerpt":{"rendered":"<p>&lt;![CDATA[ La Comisi\u00f3n por el Desarrollo del Relleno Sanitario de Duquesa asegur\u00f3 que el reciente allanamiento realizado por la Polic\u00eda Nacional, donde incaut\u00f3 m\u00e1s de diez mil libras de carne da\u00f1ada, adem\u00e1s de otros productos vencidos y falsificados, entre ellos medicamentos, no proviene del vertedero. wf_cms.rss.read_more ]]&gt; \u200b\u201cDe lo que la poblaci\u00f3n puede estar segura [&hellip;]<\/p>\n","protected":false},"author":1,"featured_media":25301,"comment_status":"open","ping_status":"open","sticky":false,"template":"","format":"standard","meta":{"amp_status":"","footnotes":""},"categories":[5],"tags":[],"class_list":["post-25300","post","type-post","status-publish","format-standard","has-post-thumbnail","hentry","category-politica"],"_links":{"self":[{"href":"https:\/\/ermdigital.com\/index.php\/wp-json\/wp\/v2\/posts\/25300","targetHints":{"allow":["GET"]}}],"collection":[{"href":"https:\/\/ermdigital.com\/index.php\/wp-json\/wp\/v2\/posts"}],"about":[{"href":"https:\/\/ermdigital.com\/index.php\/wp-json\/wp\/v2\/types\/post"}],"author":[{"embeddable":true,"href":"https:\/\/ermdigital.com\/index.php\/wp-json\/wp\/v2\/users\/1"}],"replies":[{"embeddable":true,"href":"https:\/\/ermdigital.com\/index.php\/wp-json\/wp\/v2\/comments?post=25300"}],"version-history":[{"count":0,"href":"https:\/\/ermdigital.com\/index.php\/wp-json\/wp\/v2\/posts\/25300\/revisions"}],"wp:featuredmedia":[{"embeddable":true,"href":"https:\/\/ermdigital.com\/index.php\/wp-json\/wp\/v2\/media\/25301"}],"wp:attachment":[{"href":"https:\/\/ermdigital.com\/index.php\/wp-json\/wp\/v2\/media?parent=25300"}],"wp:term":[{"taxonomy":"category","embeddable":true,"href":"https:\/\/ermdigital.com\/index.php\/wp-json\/wp\/v2\/categories?post=25300"},{"taxonomy":"post_tag","embeddable":true,"href":"https:\/\/ermdigital.com\/index.php\/wp-json\/wp\/v2\/tags?post=25300"}],"curies":[{"name":"wp","href":"https:\/\/api.w.org\/{rel}","templated":true}]}}