{"id":25298,"date":"2026-04-28T00:00:00","date_gmt":"2026-04-28T04:00:00","guid":{"rendered":"https:\/\/ermdigital.com\/index.php\/2026\/04\/28\/autoridades-articulan-plan-para-frenar-el-caos-en-las-vias-publicas\/"},"modified":"2026-04-28T00:00:00","modified_gmt":"2026-04-28T04:00:00","slug":"autoridades-articulan-plan-para-frenar-el-caos-en-las-vias-publicas","status":"publish","type":"post","link":"https:\/\/ermdigital.com\/index.php\/2026\/04\/28\/autoridades-articulan-plan-para-frenar-el-caos-en-las-vias-publicas\/","title":{"rendered":"Autoridades articulan plan para frenar el caos en las v\u00edas p\u00fablicas\u00a0"},"content":{"rendered":"<p>&lt;![CDATA[<\/p>\n<p>La ministra de Interior y Polic\u00eda, Faride Raful, encabez\u00f3 ayer junto a varias autoridades una mesa de trabajo con el prop\u00f3sito de avanzar en un plan de acci\u00f3n integral orientado al ordenamiento del tr\u00e1nsito y la seguridad vial.<\/p>\n<p><a href=\"https:\/\/listindiario.com\/la-republica\/20260428\/autoridades-articulan-plan-frenar-caos-vias-publicas_903517.html\">wf_cms.rss.read_more<\/a><\/p>\n<p>]]&gt;<\/p>\n<p>\u200bDe acuerdo a declaraciones emitidas por la ministra Faride Raful en sus redes sociales, los trabajos constaron en diagn\u00f3stico, levantamiento de brechas y una hoja de ruta con metas medibles.\u00a0\u00a0La Rep\u00fablica\u00a0<\/p>\n","protected":false},"excerpt":{"rendered":"<p>&lt;![CDATA[ La ministra de Interior y Polic\u00eda, Faride Raful, encabez\u00f3 ayer junto a varias autoridades una mesa de trabajo con el prop\u00f3sito de avanzar en un plan de acci\u00f3n integral orientado al ordenamiento del tr\u00e1nsito y la seguridad vial. wf_cms.rss.read_more ]]&gt; \u200bDe acuerdo a declaraciones emitidas por la ministra Faride Raful en sus redes sociales, [&hellip;]<\/p>\n","protected":false},"author":1,"featured_media":25299,"comment_status":"open","ping_status":"open","sticky":false,"template":"","format":"standard","meta":{"amp_status":"","footnotes":""},"categories":[5],"tags":[],"class_list":["post-25298","post","type-post","status-publish","format-standard","has-post-thumbnail","hentry","category-politica"],"_links":{"self":[{"href":"https:\/\/ermdigital.com\/index.php\/wp-json\/wp\/v2\/posts\/25298","targetHints":{"allow":["GET"]}}],"collection":[{"href":"https:\/\/ermdigital.com\/index.php\/wp-json\/wp\/v2\/posts"}],"about":[{"href":"https:\/\/ermdigital.com\/index.php\/wp-json\/wp\/v2\/types\/post"}],"author":[{"embeddable":true,"href":"https:\/\/ermdigital.com\/index.php\/wp-json\/wp\/v2\/users\/1"}],"replies":[{"embeddable":true,"href":"https:\/\/ermdigital.com\/index.php\/wp-json\/wp\/v2\/comments?post=25298"}],"version-history":[{"count":0,"href":"https:\/\/ermdigital.com\/index.php\/wp-json\/wp\/v2\/posts\/25298\/revisions"}],"wp:featuredmedia":[{"embeddable":true,"href":"https:\/\/ermdigital.com\/index.php\/wp-json\/wp\/v2\/media\/25299"}],"wp:attachment":[{"href":"https:\/\/ermdigital.com\/index.php\/wp-json\/wp\/v2\/media?parent=25298"}],"wp:term":[{"taxonomy":"category","embeddable":true,"href":"https:\/\/ermdigital.com\/index.php\/wp-json\/wp\/v2\/categories?post=25298"},{"taxonomy":"post_tag","embeddable":true,"href":"https:\/\/ermdigital.com\/index.php\/wp-json\/wp\/v2\/tags?post=25298"}],"curies":[{"name":"wp","href":"https:\/\/api.w.org\/{rel}","templated":true}]}}