{"id":25296,"date":"2026-04-28T00:00:00","date_gmt":"2026-04-28T04:00:00","guid":{"rendered":"https:\/\/ermdigital.com\/index.php\/2026\/04\/28\/prestamistas-informales-cobran-con-violencia-en-santiago\/"},"modified":"2026-04-28T00:00:00","modified_gmt":"2026-04-28T04:00:00","slug":"prestamistas-informales-cobran-con-violencia-en-santiago","status":"publish","type":"post","link":"https:\/\/ermdigital.com\/index.php\/2026\/04\/28\/prestamistas-informales-cobran-con-violencia-en-santiago\/","title":{"rendered":"Prestamistas informales cobran con violencia en Santiago\u00a0"},"content":{"rendered":"<p>&lt;![CDATA[<\/p>\n<p>Negocios de pr\u00e9stamos informales que operan al margen de la regulaci\u00f3n financiera han sido se\u00f1alados por ejercer m\u00e9todos de cobros violentos contra sus clientes, este tipo de cobro ha generado muertes en distintos sectores de esta ciudad.\u00a0<\/p>\n<p><a href=\"https:\/\/listindiario.com\/la-republica\/provincias\/20260428\/prestamistas-informales-cobran-violencia-santiago_903519.html\">wf_cms.rss.read_more<\/a><\/p>\n<p>]]&gt;<\/p>\n<p>\u200bDenuncian pr\u00e1cticas violentas de cobro en negocios de pr\u00e9stamos informales en Santiago, y se quejan por la falta de correctivos.\u00a0\u00a0Provincias\u00a0<\/p>\n","protected":false},"excerpt":{"rendered":"<p>&lt;![CDATA[ Negocios de pr\u00e9stamos informales que operan al margen de la regulaci\u00f3n financiera han sido se\u00f1alados por ejercer m\u00e9todos de cobros violentos contra sus clientes, este tipo de cobro ha generado muertes en distintos sectores de esta ciudad.\u00a0 wf_cms.rss.read_more ]]&gt; \u200bDenuncian pr\u00e1cticas violentas de cobro en negocios de pr\u00e9stamos informales en Santiago, y se quejan [&hellip;]<\/p>\n","protected":false},"author":1,"featured_media":25297,"comment_status":"open","ping_status":"open","sticky":false,"template":"","format":"standard","meta":{"amp_status":"","footnotes":""},"categories":[5],"tags":[],"class_list":["post-25296","post","type-post","status-publish","format-standard","has-post-thumbnail","hentry","category-politica"],"_links":{"self":[{"href":"https:\/\/ermdigital.com\/index.php\/wp-json\/wp\/v2\/posts\/25296","targetHints":{"allow":["GET"]}}],"collection":[{"href":"https:\/\/ermdigital.com\/index.php\/wp-json\/wp\/v2\/posts"}],"about":[{"href":"https:\/\/ermdigital.com\/index.php\/wp-json\/wp\/v2\/types\/post"}],"author":[{"embeddable":true,"href":"https:\/\/ermdigital.com\/index.php\/wp-json\/wp\/v2\/users\/1"}],"replies":[{"embeddable":true,"href":"https:\/\/ermdigital.com\/index.php\/wp-json\/wp\/v2\/comments?post=25296"}],"version-history":[{"count":0,"href":"https:\/\/ermdigital.com\/index.php\/wp-json\/wp\/v2\/posts\/25296\/revisions"}],"wp:featuredmedia":[{"embeddable":true,"href":"https:\/\/ermdigital.com\/index.php\/wp-json\/wp\/v2\/media\/25297"}],"wp:attachment":[{"href":"https:\/\/ermdigital.com\/index.php\/wp-json\/wp\/v2\/media?parent=25296"}],"wp:term":[{"taxonomy":"category","embeddable":true,"href":"https:\/\/ermdigital.com\/index.php\/wp-json\/wp\/v2\/categories?post=25296"},{"taxonomy":"post_tag","embeddable":true,"href":"https:\/\/ermdigital.com\/index.php\/wp-json\/wp\/v2\/tags?post=25296"}],"curies":[{"name":"wp","href":"https:\/\/api.w.org\/{rel}","templated":true}]}}