{"id":25294,"date":"2026-04-28T00:00:00","date_gmt":"2026-04-28T04:00:00","guid":{"rendered":"https:\/\/ermdigital.com\/index.php\/2026\/04\/28\/reves-a-victimas-del-jet-set-tribunal-ratifica-la-exclusion-de-un-testigo-clave\/"},"modified":"2026-04-28T00:00:00","modified_gmt":"2026-04-28T04:00:00","slug":"reves-a-victimas-del-jet-set-tribunal-ratifica-la-exclusion-de-un-testigo-clave","status":"publish","type":"post","link":"https:\/\/ermdigital.com\/index.php\/2026\/04\/28\/reves-a-victimas-del-jet-set-tribunal-ratifica-la-exclusion-de-un-testigo-clave\/","title":{"rendered":"Rev\u00e9s a v\u00edctimas del Jet Set: Tribunal ratifica la exclusi\u00f3n de un testigo clave\u00a0"},"content":{"rendered":"<p>&lt;![CDATA[<\/p>\n<p>La audiencia seguida a los propietarios de la discoteca Jet Set, Antonio y Maribel Espaillat, por el colapso del establecimiento comercial,  se vio matizada ayer por una serie de incidentes procesales planteados por la defensa y los abogados que representan a las v\u00edctimas y querellantes.<\/p>\n<p><a href=\"https:\/\/listindiario.com\/la-republica\/20260428\/reves-victimas-jet-set-tribunal-ratifica-exclusion-testigo-clave_903522.html\">wf_cms.rss.read_more<\/a><\/p>\n<p>]]&gt;<\/p>\n<p>\u200bEntre esos incidentes de la jornada figura un recurso de oposici\u00f3n presentado por la defensa de Gregory Adames, testigo clave y v\u00edctima, quienes interpusieron un recurso de oposici\u00f3n a la decisi\u00f3n que rechaz\u00f3 la audici\u00f3n de testigo en la audiencia preliminar.\u00a0\u00a0La Rep\u00fablica\u00a0<\/p>\n","protected":false},"excerpt":{"rendered":"<p>&lt;![CDATA[ La audiencia seguida a los propietarios de la discoteca Jet Set, Antonio y Maribel Espaillat, por el colapso del establecimiento comercial, se vio matizada ayer por una serie de incidentes procesales planteados por la defensa y los abogados que representan a las v\u00edctimas y querellantes. wf_cms.rss.read_more ]]&gt; \u200bEntre esos incidentes de la jornada figura [&hellip;]<\/p>\n","protected":false},"author":1,"featured_media":25295,"comment_status":"open","ping_status":"open","sticky":false,"template":"","format":"standard","meta":{"amp_status":"","footnotes":""},"categories":[5],"tags":[],"class_list":["post-25294","post","type-post","status-publish","format-standard","has-post-thumbnail","hentry","category-politica"],"_links":{"self":[{"href":"https:\/\/ermdigital.com\/index.php\/wp-json\/wp\/v2\/posts\/25294","targetHints":{"allow":["GET"]}}],"collection":[{"href":"https:\/\/ermdigital.com\/index.php\/wp-json\/wp\/v2\/posts"}],"about":[{"href":"https:\/\/ermdigital.com\/index.php\/wp-json\/wp\/v2\/types\/post"}],"author":[{"embeddable":true,"href":"https:\/\/ermdigital.com\/index.php\/wp-json\/wp\/v2\/users\/1"}],"replies":[{"embeddable":true,"href":"https:\/\/ermdigital.com\/index.php\/wp-json\/wp\/v2\/comments?post=25294"}],"version-history":[{"count":0,"href":"https:\/\/ermdigital.com\/index.php\/wp-json\/wp\/v2\/posts\/25294\/revisions"}],"wp:featuredmedia":[{"embeddable":true,"href":"https:\/\/ermdigital.com\/index.php\/wp-json\/wp\/v2\/media\/25295"}],"wp:attachment":[{"href":"https:\/\/ermdigital.com\/index.php\/wp-json\/wp\/v2\/media?parent=25294"}],"wp:term":[{"taxonomy":"category","embeddable":true,"href":"https:\/\/ermdigital.com\/index.php\/wp-json\/wp\/v2\/categories?post=25294"},{"taxonomy":"post_tag","embeddable":true,"href":"https:\/\/ermdigital.com\/index.php\/wp-json\/wp\/v2\/tags?post=25294"}],"curies":[{"name":"wp","href":"https:\/\/api.w.org\/{rel}","templated":true}]}}