{"id":25292,"date":"2026-04-28T00:00:00","date_gmt":"2026-04-28T04:00:00","guid":{"rendered":"https:\/\/ermdigital.com\/index.php\/2026\/04\/28\/academia-de-ciencias-esta-en-contra-de-explotacion-minera-en-san-juan\/"},"modified":"2026-04-28T00:00:00","modified_gmt":"2026-04-28T04:00:00","slug":"academia-de-ciencias-esta-en-contra-de-explotacion-minera-en-san-juan","status":"publish","type":"post","link":"https:\/\/ermdigital.com\/index.php\/2026\/04\/28\/academia-de-ciencias-esta-en-contra-de-explotacion-minera-en-san-juan\/","title":{"rendered":"Academia de Ciencias est\u00e1 en contra de explotaci\u00f3n minera en San Juan\u00a0"},"content":{"rendered":"<p>&lt;![CDATA[<\/p>\n<p>La Academia de Ciencias de la Rep\u00fablica Dominicana se manifest\u00f3 en contra de la actividad minera en San Juan, en funci\u00f3n de la riqueza ambiental que representa la Cordillera Central para la provincia y otras actividades en el pa\u00eds.<\/p>\n<p><a href=\"https:\/\/listindiario.com\/la-republica\/20260428\/academia-ciencias-esta-explotacion-minera-san-juan_903526.html\">wf_cms.rss.read_more<\/a><\/p>\n<p>]]&gt;<\/p>\n<p>\u200bLa Academia de Ciencias de la Rep\u00fablica Dominicana se manifest\u00f3 en contra de la actividad minera en San Juan, en funci\u00f3n de la riqueza ambie\u00a0\u00a0La Rep\u00fablica\u00a0<\/p>\n","protected":false},"excerpt":{"rendered":"<p>&lt;![CDATA[ La Academia de Ciencias de la Rep\u00fablica Dominicana se manifest\u00f3 en contra de la actividad minera en San Juan, en funci\u00f3n de la riqueza ambiental que representa la Cordillera Central para la provincia y otras actividades en el pa\u00eds. wf_cms.rss.read_more ]]&gt; \u200bLa Academia de Ciencias de la Rep\u00fablica Dominicana se manifest\u00f3 en contra de [&hellip;]<\/p>\n","protected":false},"author":1,"featured_media":25293,"comment_status":"open","ping_status":"open","sticky":false,"template":"","format":"standard","meta":{"amp_status":"","footnotes":""},"categories":[5],"tags":[],"class_list":["post-25292","post","type-post","status-publish","format-standard","has-post-thumbnail","hentry","category-politica"],"_links":{"self":[{"href":"https:\/\/ermdigital.com\/index.php\/wp-json\/wp\/v2\/posts\/25292","targetHints":{"allow":["GET"]}}],"collection":[{"href":"https:\/\/ermdigital.com\/index.php\/wp-json\/wp\/v2\/posts"}],"about":[{"href":"https:\/\/ermdigital.com\/index.php\/wp-json\/wp\/v2\/types\/post"}],"author":[{"embeddable":true,"href":"https:\/\/ermdigital.com\/index.php\/wp-json\/wp\/v2\/users\/1"}],"replies":[{"embeddable":true,"href":"https:\/\/ermdigital.com\/index.php\/wp-json\/wp\/v2\/comments?post=25292"}],"version-history":[{"count":0,"href":"https:\/\/ermdigital.com\/index.php\/wp-json\/wp\/v2\/posts\/25292\/revisions"}],"wp:featuredmedia":[{"embeddable":true,"href":"https:\/\/ermdigital.com\/index.php\/wp-json\/wp\/v2\/media\/25293"}],"wp:attachment":[{"href":"https:\/\/ermdigital.com\/index.php\/wp-json\/wp\/v2\/media?parent=25292"}],"wp:term":[{"taxonomy":"category","embeddable":true,"href":"https:\/\/ermdigital.com\/index.php\/wp-json\/wp\/v2\/categories?post=25292"},{"taxonomy":"post_tag","embeddable":true,"href":"https:\/\/ermdigital.com\/index.php\/wp-json\/wp\/v2\/tags?post=25292"}],"curies":[{"name":"wp","href":"https:\/\/api.w.org\/{rel}","templated":true}]}}