{"id":25288,"date":"2026-04-28T00:00:00","date_gmt":"2026-04-28T04:00:00","guid":{"rendered":"https:\/\/ermdigital.com\/index.php\/2026\/04\/28\/director-de-listin-diario-elogia-proceso-cedulacion-de-la-jce\/"},"modified":"2026-04-28T00:00:00","modified_gmt":"2026-04-28T04:00:00","slug":"director-de-listin-diario-elogia-proceso-cedulacion-de-la-jce","status":"publish","type":"post","link":"https:\/\/ermdigital.com\/index.php\/2026\/04\/28\/director-de-listin-diario-elogia-proceso-cedulacion-de-la-jce\/","title":{"rendered":"Director de List\u00edn Diario elogia proceso cedulaci\u00f3n de la JCE\u00a0"},"content":{"rendered":"<p>&lt;![CDATA[<\/p>\n<p>El director del peri\u00f3dico List\u00edn Diario, Miguel Franjul, valor\u00f3 positivamente el proceso de cedulaci\u00f3n que realiza la Junta Central Electoral (JCE), al renovar su nueva c\u00e9dula.<\/p>\n<p><a href=\"https:\/\/listindiario.com\/la-republica\/ciudad\/20260428\/director-listin-diario-elogia-proceso-cedulacion-jce_903530.html\">wf_cms.rss.read_more<\/a><\/p>\n<p>]]&gt;<\/p>\n<p>\u200bEl director del peri\u00f3dico List\u00edn Diario, Miguel Franjul, valor\u00f3 positivamente el proceso de cedulaci\u00f3n que realiza la Junta Central Electora\u00a0\u00a0Ciudad\u00a0<\/p>\n","protected":false},"excerpt":{"rendered":"<p>&lt;![CDATA[ El director del peri\u00f3dico List\u00edn Diario, Miguel Franjul, valor\u00f3 positivamente el proceso de cedulaci\u00f3n que realiza la Junta Central Electoral (JCE), al renovar su nueva c\u00e9dula. wf_cms.rss.read_more ]]&gt; \u200bEl director del peri\u00f3dico List\u00edn Diario, Miguel Franjul, valor\u00f3 positivamente el proceso de cedulaci\u00f3n que realiza la Junta Central Electora\u00a0\u00a0Ciudad\u00a0<\/p>\n","protected":false},"author":1,"featured_media":25289,"comment_status":"open","ping_status":"open","sticky":false,"template":"","format":"standard","meta":{"amp_status":"","footnotes":""},"categories":[5],"tags":[],"class_list":["post-25288","post","type-post","status-publish","format-standard","has-post-thumbnail","hentry","category-politica"],"_links":{"self":[{"href":"https:\/\/ermdigital.com\/index.php\/wp-json\/wp\/v2\/posts\/25288","targetHints":{"allow":["GET"]}}],"collection":[{"href":"https:\/\/ermdigital.com\/index.php\/wp-json\/wp\/v2\/posts"}],"about":[{"href":"https:\/\/ermdigital.com\/index.php\/wp-json\/wp\/v2\/types\/post"}],"author":[{"embeddable":true,"href":"https:\/\/ermdigital.com\/index.php\/wp-json\/wp\/v2\/users\/1"}],"replies":[{"embeddable":true,"href":"https:\/\/ermdigital.com\/index.php\/wp-json\/wp\/v2\/comments?post=25288"}],"version-history":[{"count":0,"href":"https:\/\/ermdigital.com\/index.php\/wp-json\/wp\/v2\/posts\/25288\/revisions"}],"wp:featuredmedia":[{"embeddable":true,"href":"https:\/\/ermdigital.com\/index.php\/wp-json\/wp\/v2\/media\/25289"}],"wp:attachment":[{"href":"https:\/\/ermdigital.com\/index.php\/wp-json\/wp\/v2\/media?parent=25288"}],"wp:term":[{"taxonomy":"category","embeddable":true,"href":"https:\/\/ermdigital.com\/index.php\/wp-json\/wp\/v2\/categories?post=25288"},{"taxonomy":"post_tag","embeddable":true,"href":"https:\/\/ermdigital.com\/index.php\/wp-json\/wp\/v2\/tags?post=25288"}],"curies":[{"name":"wp","href":"https:\/\/api.w.org\/{rel}","templated":true}]}}