{"id":25284,"date":"2026-04-27T22:31:00","date_gmt":"2026-04-28T02:31:00","guid":{"rendered":"https:\/\/ermdigital.com\/index.php\/2026\/04\/27\/lideres-empresariales-y-autoridades-se-dan-cita-en-los-premios-brugal-cree-en-su-gente\/"},"modified":"2026-04-27T22:31:00","modified_gmt":"2026-04-28T02:31:00","slug":"lideres-empresariales-y-autoridades-se-dan-cita-en-los-premios-brugal-cree-en-su-gente","status":"publish","type":"post","link":"https:\/\/ermdigital.com\/index.php\/2026\/04\/27\/lideres-empresariales-y-autoridades-se-dan-cita-en-los-premios-brugal-cree-en-su-gente\/","title":{"rendered":"L\u00edderes empresariales y autoridades se dan cita en los Premios Brugal Cree en su Gente"},"content":{"rendered":"<p><strong>Santo Domingo.-<\/strong>La celebraci\u00f3n de los Premios Brugal Cree en su Gente reuni\u00f3 a destacadas figuras del \u00e1mbito empresarial, social y gubernamental, consolid\u00e1ndose como un espacio de encuentro para quienes impulsan el desarrollo sostenible en la Rep\u00fablica Dominicana. El evento, organizado por la Fundaci\u00f3n Brugal, puso en evidencia el respaldo de diversos sectores a iniciativas que transforman comunidades a trav\u00e9s de la educaci\u00f3n y el medio ambiente.<\/p>\n<p>Encabezando la actividad estuvo Augusto Ram\u00edrez Bon\u00f3, CEO de Casa Brugal y presidente de la fundaci\u00f3n, quien comparti\u00f3 escenario con l\u00edderes de las instituciones reconocidas, como Rita Sellares, CEO de la Fundaci\u00f3n Dominicana de Estudios Marinos, y el reverendo padre Jos\u00e9 Rafael N\u00fa\u00f1ez M\u00e1rmol, director del Instituto Tecnol\u00f3gico San Ignacio de Loyola. Tambi\u00e9n estuvo presente el gestor cultural Freddy Ginebra, figura clave en la historia de estos premios.<\/p>\n<p>La representaci\u00f3n gubernamental tuvo un peso significativo, con la asistencia del ministro de la Presidencia, Jos\u00e9 Ignacio Paliza, junto al ministro de Medio Ambiente, Pa\u00edno Henr\u00edquez. A ellos se sumaron el ministro de Trabajo, Eddy Olivares, y el ministro de Industria y Comercio, Eduardo Sanz Lovat\u00f3n, evidenciando el inter\u00e9s del Estado en respaldar proyectos de impacto social.<\/p>\n<p><strong>Recmendamos leer: <a href=\"https:\/\/deultimominuto.net\/entretenimiento\/oliver-olivo-cineasta-y-director\/\">Oliver Olivo, cineasta y director del corto documental<\/a><\/strong><\/p>\n<p>En el \u00e1mbito legislativo, la actividad cont\u00f3 con la participaci\u00f3n del presidente del Senado, Ricardo de los Santos, cuya presencia reforz\u00f3 la conexi\u00f3n entre las pol\u00edticas p\u00fablicas y las iniciativas sociales que promueven el desarrollo inclusivo en el pa\u00eds.<\/p>\n<p>El sector empresarial y organizaciones de la sociedad civil tambi\u00e9n dijeron presente. Entre ellos, Christy Luciano, presidenta de ECORED; Susana Mart\u00ednez, presidenta de Acci\u00f3n Empresarial por la Educaci\u00f3n; y Aguie Lendor, vicepresidenta ejecutiva de ASONAHORES, quienes respaldan iniciativas enfocadas en la sostenibilidad y la formaci\u00f3n educativa.<\/p>\n<p>La diversidad de figuras presentes reflej\u00f3 el alcance y la relevancia de los Premios Brugal Cree en su Gente como plataforma de articulaci\u00f3n entre sectores clave. M\u00e1s all\u00e1 del reconocimiento, el evento reafirm\u00f3 la importancia de la colaboraci\u00f3n entre el Estado, la empresa privada y la sociedad civil para impulsar cambios estructurales en la Rep\u00fablica Dominicana.<\/p>\n<figure class=\"wp-block-gallery has-nested-images columns-default is-cropped wp-block-gallery-2 is-layout-flex wp-block-gallery-is-layout-flex\">\n<figure class=\"wp-block-image size-large\"><img decoding=\"async\" loading=\"lazy\" width=\"1024\" height=\"682\" data-id=\"646978\" src=\"https:\/\/cdn.deultimominuto.net\/wp-content\/uploads\/2026\/04\/WhatsApp-Image-2026-04-27-at-10.26.59-PM-1024x682.jpeg\" alt=\"L\u00edderes empresariales y autoridades se dan cita en los Premios Brugal Cree en su Gente - Noticias de hoy en Rep\u00fablica Dominicana | De \u00daltimo Minuto\" class=\"wp-image-646978\" title=\"L\u00edderes empresariales y autoridades se dan cita en los Premios Brugal Cree en su Gente | 9 |\"><\/figure>\n<figure class=\"wp-block-image size-large\"><img decoding=\"async\" loading=\"lazy\" width=\"1024\" height=\"682\" data-id=\"646977\" src=\"https:\/\/cdn.deultimominuto.net\/wp-content\/uploads\/2026\/04\/WhatsApp-Image-2026-04-27-at-10.27.00-PM-1-1024x682.jpeg\" alt=\"L\u00edderes empresariales y autoridades se dan cita en los Premios Brugal Cree en su Gente - Noticias de hoy en Rep\u00fablica Dominicana | De \u00daltimo Minuto\" class=\"wp-image-646977\" title=\"L\u00edderes empresariales y autoridades se dan cita en los Premios Brugal Cree en su Gente | 10 |\"><\/figure>\n<figure class=\"wp-block-image size-large\"><img decoding=\"async\" loading=\"lazy\" width=\"1024\" height=\"682\" data-id=\"646979\" src=\"https:\/\/cdn.deultimominuto.net\/wp-content\/uploads\/2026\/04\/WhatsApp-Image-2026-04-27-at-10.27.00-PM-1024x682.jpeg\" alt=\"L\u00edderes empresariales y autoridades se dan cita en los Premios Brugal Cree en su Gente - Noticias de hoy en Rep\u00fablica Dominicana | De \u00daltimo Minuto\" class=\"wp-image-646979\" title=\"L\u00edderes empresariales y autoridades se dan cita en los Premios Brugal Cree en su Gente | 11 |\"><\/figure>\n<figure class=\"wp-block-image size-large\"><img decoding=\"async\" loading=\"lazy\" width=\"1024\" height=\"682\" data-id=\"646980\" src=\"https:\/\/cdn.deultimominuto.net\/wp-content\/uploads\/2026\/04\/WhatsApp-Image-2026-04-27-at-10.26.11-PM-1-1024x682.jpeg\" alt=\"L\u00edderes empresariales y autoridades se dan cita en los Premios Brugal Cree en su Gente - Noticias de hoy en Rep\u00fablica Dominicana | De \u00daltimo Minuto\" class=\"wp-image-646980\" title=\"L\u00edderes empresariales y autoridades se dan cita en los Premios Brugal Cree en su Gente | 12 |\"><\/figure>\n<\/figure>\n<p>\u200bSanto Domingo.-La celebraci\u00f3n de los Premios Brugal Cree en su Gente reuni\u00f3 a destacadas figuras del \u00e1mbito empresarial, social y gubernamental, consolid\u00e1ndose como un espacio de encuentro para quienes impulsan el desarrollo sostenible en la Rep\u00fablica Dominicana. El evento, organizado por la Fundaci\u00f3n Brugal, puso en evidencia el respaldo de diversos sectores a iniciativas que\u00a0\u00a0Estilo, Augusto Ram\u00edrez Bon\u00f3, CEO\u00a0\u00a0<\/p>\n","protected":false},"excerpt":{"rendered":"<p>Santo Domingo.-La celebraci\u00f3n de los Premios Brugal Cree en su Gente reuni\u00f3 a destacadas figuras del \u00e1mbito empresarial, social y gubernamental, consolid\u00e1ndose como un espacio de encuentro para quienes impulsan el desarrollo sostenible en la Rep\u00fablica Dominicana. El evento, organizado por la Fundaci\u00f3n Brugal, puso en evidencia el respaldo de diversos sectores a iniciativas que [&hellip;]<\/p>\n","protected":false},"author":1,"featured_media":25285,"comment_status":"open","ping_status":"open","sticky":false,"template":"","format":"standard","meta":{"amp_status":"","footnotes":""},"categories":[3],"tags":[],"class_list":["post-25284","post","type-post","status-publish","format-standard","has-post-thumbnail","hentry","category-de-ultimo-minuto"],"_links":{"self":[{"href":"https:\/\/ermdigital.com\/index.php\/wp-json\/wp\/v2\/posts\/25284","targetHints":{"allow":["GET"]}}],"collection":[{"href":"https:\/\/ermdigital.com\/index.php\/wp-json\/wp\/v2\/posts"}],"about":[{"href":"https:\/\/ermdigital.com\/index.php\/wp-json\/wp\/v2\/types\/post"}],"author":[{"embeddable":true,"href":"https:\/\/ermdigital.com\/index.php\/wp-json\/wp\/v2\/users\/1"}],"replies":[{"embeddable":true,"href":"https:\/\/ermdigital.com\/index.php\/wp-json\/wp\/v2\/comments?post=25284"}],"version-history":[{"count":0,"href":"https:\/\/ermdigital.com\/index.php\/wp-json\/wp\/v2\/posts\/25284\/revisions"}],"wp:featuredmedia":[{"embeddable":true,"href":"https:\/\/ermdigital.com\/index.php\/wp-json\/wp\/v2\/media\/25285"}],"wp:attachment":[{"href":"https:\/\/ermdigital.com\/index.php\/wp-json\/wp\/v2\/media?parent=25284"}],"wp:term":[{"taxonomy":"category","embeddable":true,"href":"https:\/\/ermdigital.com\/index.php\/wp-json\/wp\/v2\/categories?post=25284"},{"taxonomy":"post_tag","embeddable":true,"href":"https:\/\/ermdigital.com\/index.php\/wp-json\/wp\/v2\/tags?post=25284"}],"curies":[{"name":"wp","href":"https:\/\/api.w.org\/{rel}","templated":true}]}}